{"id":1533,"date":"2017-02-26T21:55:14","date_gmt":"2017-02-26T20:55:14","guid":{"rendered":"http:\/\/kudanarhiv.org\/?p=1533"},"modified":"2017-02-26T21:55:14","modified_gmt":"2017-02-26T20:55:14","slug":"reportaza-drugo-srecanje-francoskega-bralnega-krozka","status":"publish","type":"post","link":"http:\/\/kudanarhiv.org\/?p=1533","title":{"rendered":"Reporta\u017ea: Drugo sre\u010danje Francoskega bralnega kro\u017eka"},"content":{"rendered":"<div style=\"text-align: center;\">Na drugem sre\u010danju Francoskega bralnega kro\u017eka smo premi\u0161ljevali o &#8220;objektivnem&#8221;, realisti\u010dnem slogu, v katerem je pisateljica Annie Ernaux leta 1984 spisala kratek avtobiografski roman\u00a0<i>La place<\/i>, ki pa paradoksalno v sebi skriva najrazli\u010dnej\u0161o paleto \u010dustev, ki bralcu nikakor ne uidejo. Poleg sloga smo nemalo besed namenili tudi samemu naslovu in z njim povezano sociolo\u0161ko platjo romana, ki obravnava avtori\u010dino napredovanje po dru\u017ebeni lestvici in njeno oddaljitev od dru\u017ebenega okolja, v katerem je odra\u0161\u010dala.<\/div>\n<div style=\"text-align: center;\"><\/div>\n<div style=\"text-align: center;\">Bilo je fino, se vidimo spet marca, ko se bomo lotili romana <i>Elise ou la vraie vie <\/i>od Claire Etcherelli. A <span style=\"color: #000000;\">bient\u00f4t \ud83d\ude09<\/span><\/div>\n<div style=\"text-align: center;\"><\/div>\n<div style=\"text-align: center;\">Reporta\u017eo je pripravila Aicha.<\/div>\n<div style=\"text-align: center;\"><\/div>\n<div style=\"text-align: center;\"><img loading=\"lazy\" decoding=\"async\" class=\"aligncenter  wp-image-1534\" src=\"http:\/\/kudanarhiv.org\/wp-content\/uploads\/2017\/02\/16722750_10207119707465660_3590291875089946634_o.jpg\" alt=\"16722750_10207119707465660_3590291875089946634_o\" width=\"402\" height=\"301\" srcset=\"http:\/\/kudanarhiv.org\/wp-content\/uploads\/2017\/02\/16722750_10207119707465660_3590291875089946634_o.jpg 972w, http:\/\/kudanarhiv.org\/wp-content\/uploads\/2017\/02\/16722750_10207119707465660_3590291875089946634_o-300x225.jpg 300w, http:\/\/kudanarhiv.org\/wp-content\/uploads\/2017\/02\/16722750_10207119707465660_3590291875089946634_o-768x576.jpg 768w\" sizes=\"auto, (max-width: 402px) 100vw, 402px\" \/><\/div>\n<div style=\"text-align: center;\"><\/div>\n<div style=\"text-align: center;\"><img loading=\"lazy\" decoding=\"async\" class=\"aligncenter  wp-image-1535\" src=\"http:\/\/kudanarhiv.org\/wp-content\/uploads\/2017\/02\/16836128_10207119708145677_4452043871929364801_o.jpg\" alt=\"16836128_10207119708145677_4452043871929364801_o\" width=\"405\" height=\"304\" srcset=\"http:\/\/kudanarhiv.org\/wp-content\/uploads\/2017\/02\/16836128_10207119708145677_4452043871929364801_o.jpg 972w, http:\/\/kudanarhiv.org\/wp-content\/uploads\/2017\/02\/16836128_10207119708145677_4452043871929364801_o-300x225.jpg 300w, http:\/\/kudanarhiv.org\/wp-content\/uploads\/2017\/02\/16836128_10207119708145677_4452043871929364801_o-768x576.jpg 768w\" sizes=\"auto, (max-width: 405px) 100vw, 405px\" \/><\/div>\n","protected":false},"excerpt":{"rendered":"<p>Na drugem sre\u010danju Francoskega bralnega kro\u017eka smo premi\u0161ljevali o &#8220;objektivnem&#8221;, realisti\u010dnem slogu, v katerem je pisateljica Annie Ernaux leta 1984 spisala kratek avtobiografski roman\u00a0La place, ki pa paradoksalno v sebi skriva najrazli\u010dnej\u0161o paleto \u010dustev, ki bralcu nikakor ne uidejo. Poleg sloga smo nemalo besed namenili tudi samemu naslovu in z njim povezano sociolo\u0161ko platjo romana, [&hellip;]<\/p>\n","protected":false},"author":2,"featured_media":0,"comment_status":"closed","ping_status":"closed","sticky":false,"template":"","format":"standard","meta":{"footnotes":""},"categories":[3],"tags":[],"class_list":["post-1533","post","type-post","status-publish","format-standard","hentry","category-info"],"_links":{"self":[{"href":"http:\/\/kudanarhiv.org\/index.php?rest_route=\/wp\/v2\/posts\/1533","targetHints":{"allow":["GET"]}}],"collection":[{"href":"http:\/\/kudanarhiv.org\/index.php?rest_route=\/wp\/v2\/posts"}],"about":[{"href":"http:\/\/kudanarhiv.org\/index.php?rest_route=\/wp\/v2\/types\/post"}],"author":[{"embeddable":true,"href":"http:\/\/kudanarhiv.org\/index.php?rest_route=\/wp\/v2\/users\/2"}],"replies":[{"embeddable":true,"href":"http:\/\/kudanarhiv.org\/index.php?rest_route=%2Fwp%2Fv2%2Fcomments&post=1533"}],"version-history":[{"count":1,"href":"http:\/\/kudanarhiv.org\/index.php?rest_route=\/wp\/v2\/posts\/1533\/revisions"}],"predecessor-version":[{"id":1536,"href":"http:\/\/kudanarhiv.org\/index.php?rest_route=\/wp\/v2\/posts\/1533\/revisions\/1536"}],"wp:attachment":[{"href":"http:\/\/kudanarhiv.org\/index.php?rest_route=%2Fwp%2Fv2%2Fmedia&parent=1533"}],"wp:term":[{"taxonomy":"category","embeddable":true,"href":"http:\/\/kudanarhiv.org\/index.php?rest_route=%2Fwp%2Fv2%2Fcategories&post=1533"},{"taxonomy":"post_tag","embeddable":true,"href":"http:\/\/kudanarhiv.org\/index.php?rest_route=%2Fwp%2Fv2%2Ftags&post=1533"}],"curies":[{"name":"wp","href":"https:\/\/api.w.org\/{rel}","templated":true}]}}