{"id":1635,"date":"2017-06-04T22:37:57","date_gmt":"2017-06-04T20:37:57","guid":{"rendered":"http:\/\/kudanarhiv.org\/?p=1635"},"modified":"2017-06-04T22:41:17","modified_gmt":"2017-06-04T20:41:17","slug":"filmsko-kritiska-delavnica-jaz-crnec-nadgrajeno-v-sodelovanju-s-festivalom-migrantskega-filma-16-6-slovenska-kinoteka-od-od-1400-do-1800","status":"publish","type":"post","link":"http:\/\/kudanarhiv.org\/?p=1635","title":{"rendered":"Filmsko-kriti\u0161ka delavnica: &#8220;Jaz, \u010drnec. Nadgrajeno.&#8221; v sodelovanju s Festivalom migrantskega filma: 16.6., Slovenska kinoteka, od 14:00 do 18:00"},"content":{"rendered":"<p style=\"text-align: center;\">Na filmsko-kriti\u0161ki delavnici si bomo najprej v sklopu festivala ogledali film &#8220;Jaz, \u010drnec. Nadgrajeno&#8221; (ve\u010d o filmu: <a href=\"http:\/\/www.fmf-slovenija.si\/jaz-crnec-nadgrajeno-moi-un-noir-reloaded-2\/\" target=\"_blank\" rel=\"nofollow noopener nofollow\">http:\/\/<wbr \/>www.fmf-slovenija.si\/<wbr \/>jaz-crnec-nadgrajeno-moi-un<wbr \/>-noir-reloaded-2\/<\/a>), naslednji dan pa skupaj razmi\u0161ljali o filmu. Posvetili se bomo specifikam dokumentarnega \u017eanra ter njegove kriti\u0161ke obravnave s posebnim poudarkom na pogledih, iz katerih avtorski film naslavlja migrantsko tematiko.<\/p>\n<p>Udele\u017eenci delavnice bodo pod mentorstvom filmskih kriti\u010dark Petre Meterc in Nine Cvar spisali vsak svojo kraj\u0161o recenzijo omenjenega filma, te pa bomo kasneje zdru\u017eili v skupno refleksijo, ki bo objavljena na <a href=\"https:\/\/www.facebook.com\/radiostudent89.3\/\" data-hovercard=\"\/ajax\/hovercard\/page.php?id=13177750930&amp;extragetparams=%7B%22directed_target_id%22%3A426522074387284%7D\" data-hovercard-prefer-more-content-show=\"1\">Radio \u0160tudent 89,3 MHz<\/a>.<\/p>\n<p>Udele\u017eba je brezpla\u010dna, na delavnico se je potrebno predhodno prijaviti najkasneje do 13. junija 2017 na e-mail naslov: fmf.delavnica@gmail.com.<\/p>\n<p>V sodelovanju s <a id=\"js_1c1\" href=\"https:\/\/www.facebook.com\/skratova.citalnica\/\" data-hovercard=\"\/ajax\/hovercard\/page.php?id=1097769763568672&amp;extragetparams=%7B%22directed_target_id%22%3A426522074387284%7D\" data-hovercard-prefer-more-content-show=\"1\">\u0160kratova \u010citalnica &#8211; KUD Anarhiv<\/a> in <a href=\"https:\/\/www.facebook.com\/radiostudent89.3\/\" data-hovercard=\"\/ajax\/hovercard\/page.php?id=13177750930&amp;extragetparams=%7B%22directed_target_id%22%3A426522074387284%7D\" data-hovercard-prefer-more-content-show=\"1\">Radio \u0160tudent 89,3 MHz<\/a>.<\/p>\n<p style=\"text-align: center;\"><img loading=\"lazy\" decoding=\"async\" class=\"aligncenter size-medium wp-image-1636\" src=\"http:\/\/kudanarhiv.org\/wp-content\/uploads\/2017\/06\/18835697_1362402943842047_2783815555801627446_n-300x166.jpg\" alt=\"18835697_1362402943842047_2783815555801627446_n\" width=\"300\" height=\"166\" srcset=\"http:\/\/kudanarhiv.org\/wp-content\/uploads\/2017\/06\/18835697_1362402943842047_2783815555801627446_n-300x166.jpg 300w, http:\/\/kudanarhiv.org\/wp-content\/uploads\/2017\/06\/18835697_1362402943842047_2783815555801627446_n.jpg 550w\" sizes=\"auto, (max-width: 300px) 100vw, 300px\" \/><\/p>\n","protected":false},"excerpt":{"rendered":"<p>Na filmsko-kriti\u0161ki delavnici si bomo najprej v sklopu festivala ogledali film &#8220;Jaz, \u010drnec. Nadgrajeno&#8221; (ve\u010d o filmu: http:\/\/www.fmf-slovenija.si\/jaz-crnec-nadgrajeno-moi-un-noir-reloaded-2\/), naslednji dan pa skupaj razmi\u0161ljali o filmu. Posvetili se bomo specifikam dokumentarnega \u017eanra ter njegove kriti\u0161ke obravnave s posebnim poudarkom na pogledih, iz katerih avtorski film naslavlja migrantsko tematiko. Udele\u017eenci delavnice bodo pod mentorstvom filmskih kriti\u010dark Petre [&hellip;]<\/p>\n","protected":false},"author":2,"featured_media":0,"comment_status":"closed","ping_status":"closed","sticky":false,"template":"","format":"standard","meta":{"footnotes":""},"categories":[3],"tags":[],"class_list":["post-1635","post","type-post","status-publish","format-standard","hentry","category-info"],"_links":{"self":[{"href":"http:\/\/kudanarhiv.org\/index.php?rest_route=\/wp\/v2\/posts\/1635","targetHints":{"allow":["GET"]}}],"collection":[{"href":"http:\/\/kudanarhiv.org\/index.php?rest_route=\/wp\/v2\/posts"}],"about":[{"href":"http:\/\/kudanarhiv.org\/index.php?rest_route=\/wp\/v2\/types\/post"}],"author":[{"embeddable":true,"href":"http:\/\/kudanarhiv.org\/index.php?rest_route=\/wp\/v2\/users\/2"}],"replies":[{"embeddable":true,"href":"http:\/\/kudanarhiv.org\/index.php?rest_route=%2Fwp%2Fv2%2Fcomments&post=1635"}],"version-history":[{"count":2,"href":"http:\/\/kudanarhiv.org\/index.php?rest_route=\/wp\/v2\/posts\/1635\/revisions"}],"predecessor-version":[{"id":1638,"href":"http:\/\/kudanarhiv.org\/index.php?rest_route=\/wp\/v2\/posts\/1635\/revisions\/1638"}],"wp:attachment":[{"href":"http:\/\/kudanarhiv.org\/index.php?rest_route=%2Fwp%2Fv2%2Fmedia&parent=1635"}],"wp:term":[{"taxonomy":"category","embeddable":true,"href":"http:\/\/kudanarhiv.org\/index.php?rest_route=%2Fwp%2Fv2%2Fcategories&post=1635"},{"taxonomy":"post_tag","embeddable":true,"href":"http:\/\/kudanarhiv.org\/index.php?rest_route=%2Fwp%2Fv2%2Ftags&post=1635"}],"curies":[{"name":"wp","href":"https:\/\/api.w.org\/{rel}","templated":true}]}}