{"id":454,"date":"2014-08-20T19:02:32","date_gmt":"2014-08-20T17:02:32","guid":{"rendered":"http:\/\/kudanarhiv.org\/?p=454"},"modified":"2014-08-20T19:11:08","modified_gmt":"2014-08-20T17:11:08","slug":"refresni-znanje-nemscine-malo-drugace-meje-mojega-jezika-so-meje-mojega-sveta","status":"publish","type":"post","link":"http:\/\/kudanarhiv.org\/?p=454","title":{"rendered":"Refre\u0161ni znanje nem\u0161\u010dine malo druga\u010de: Meje mojega jezika so meje mojega sveta?"},"content":{"rendered":"<p>Zares smo veseli, da vam bomo lahko v leto\u0161njem letu ponudili edinstven kro\u017eek nem\u0161kega jezika, ki ga bo vodila\u00a0Mojca Kirbi\u0161, u\u010diteljica\u00a0nem\u0161\u010dine in literarna komparativistka. Nem\u0161ki bralni kro\u017eek z ve\u010d kot pomenljivim naslovom &#8220;Meje mojega jezika so meje mojega sveta?&#8221; organiziramo v sodelovanju s Knji\u017enico \u0160i\u0161ka, pred uradnim pri\u010detkom pa vas vabimo, da\u00a0se o edinstvenosti kro\u017eka prepri\u010date \u0161e sami, 12.9., ob 17h, na \u0160kratovem vrtu na Metelkovi (v primeru slabega vremena se dobimo v \u0160kratovi \u010citalnici, na Kersnikovi ulici v Ljubljani, kjer je oddelek za odrasle).<\/p>\n<p><em>Pridite in refre\u0161nite znanje nem\u0161kega jezika na \u010dist hud na\u010din &#8211; in to celo BREZPLA\u010cNO!<\/em><\/p>\n<p>&#8212;<\/p>\n<h3 style=\"text-align: center;\"><strong><em>Meje mojega jezika so meje mojega sveta?<\/em><\/strong><\/h3>\n<p><em>Nov, edinstven, aktualen, brezpla\u010den nem\u0161ki bralni kro\u017eek v va\u0161i najljub\u0161i knji\u017enici!<\/em><\/p>\n<p><em>Od za\u010detka\u00a0oktobra\u00a0do konca\u00a0decembra 2014\u00a0se bo v prostorih\u00a0Knji\u017enice \u0160i\u0161ka\u00a0enkrat tedensko odvijal\u00a0<strong>nem\u0161ki bralni kro\u017eek<\/strong>, z naslovom <strong>Meje mojega jezika so meje mojega sveta?<\/strong><\/em><\/p>\n<p><em>Kro\u017eek je primarno namenjen\u00a0mladim od 19. do 29. let (vabljeni ste seveda tudi starej\u0161i) s solidnim predznanjem (za\u017eelena je vsaj srednja stopnja B1), ki bi \u017eeleli na kakovosten, predvsem pa interaktiven na\u010din osve\u017eiti in poglobiti svoje besedi\u0161\u010de in konverzacijo v nem\u0161kem jeziku.<\/em><\/p>\n<p><em>Na kro\u017eku bomo na podlagi prebranih kraj\u0161ih tekstov \u2013\u00a0<\/em><em>zanimivih kraj\u0161ih odlomkov iz sodobne nem\u0161ke literature ali dalj\u0161ih aktualnih \u010dlankov, ki se ti\u010dejo pomembnih dru\u017ebenih vpra\u0161anj \u2013 odpirali debato v tujem jeziku oziroma izvajali konverzacijske aktivnosti, ogledali pa si bomo tudi dva nem\u0161ka filma.<\/em><\/p>\n<p><em>Da se bo jezikovno znanje kar najbolj usidralo, je pri\u010dakovana aktivna udele\u017eba.<\/em><\/p>\n<p>KDAJ: vsak petek od 3.10. do 19.12.2014 od 17:00-18:30<\/p>\n<p>KJE: Knji\u017enica \u0160i\u0161ka<\/p>\n<p>\u0160TEVILO PROSTIH MEST: 8-12<\/p>\n<p>UDELE\u017dBA: VSTOP PROST<\/p>\n<p>PRIJAVE in INFORMACIJE: <a href=\"mailto:mojcakirbis@yahoo.de\">mojcakirbis@yahoo.de<\/a> (do 20. septembra)<\/p>\n<p>Kro\u017eek bo vodila Mojca Kirbi\u0161, u\u010diteljica nem\u0161\u010dine in literarna komparativistka.<\/p>\n<h6>Projekt nem\u0161ki bralni kro\u017eek Meje mojega jezika so meje mojega sveta? se izvaja v okviru Kulturno umetni\u0161kega dru\u0161tva Anarhiv v sodelovanju s Knji\u017enico \u0160i\u0161ka in Zavodom Vizo. Projekt finan\u010dno podpirajo MOL \u2013 Urad za mladino in \u0160OU v Ljubljani, za tehni\u010dno in infrastrukturno podporo pa bosta poskrbela tudi KUD Mre\u017ea in YHD.<\/h6>\n<p><a href=\"http:\/\/kudanarhiv.org\/wp-content\/uploads\/2014\/08\/toll.png\"><img loading=\"lazy\" decoding=\"async\" class=\"aligncenter  wp-image-455\" src=\"http:\/\/kudanarhiv.org\/wp-content\/uploads\/2014\/08\/toll-150x150.png\" alt=\"\" width=\"188\" height=\"188\" srcset=\"http:\/\/kudanarhiv.org\/wp-content\/uploads\/2014\/08\/toll-150x150.png 150w, http:\/\/kudanarhiv.org\/wp-content\/uploads\/2014\/08\/toll.png 300w\" sizes=\"auto, (max-width: 188px) 100vw, 188px\" \/><\/a><\/p>\n","protected":false},"excerpt":{"rendered":"<p>Zares smo veseli, da vam bomo lahko v leto\u0161njem letu ponudili edinstven kro\u017eek nem\u0161kega jezika, ki ga bo vodila\u00a0Mojca Kirbi\u0161, u\u010diteljica\u00a0nem\u0161\u010dine in literarna komparativistka. Nem\u0161ki bralni kro\u017eek z ve\u010d kot pomenljivim naslovom &#8220;Meje mojega jezika so meje mojega sveta?&#8221; organiziramo v sodelovanju s Knji\u017enico \u0160i\u0161ka, pred uradnim pri\u010detkom pa vas vabimo, da\u00a0se o edinstvenosti kro\u017eka [&hellip;]<\/p>\n","protected":false},"author":2,"featured_media":0,"comment_status":"closed","ping_status":"closed","sticky":false,"template":"","format":"standard","meta":{"footnotes":""},"categories":[3],"tags":[],"class_list":["post-454","post","type-post","status-publish","format-standard","hentry","category-info"],"_links":{"self":[{"href":"http:\/\/kudanarhiv.org\/index.php?rest_route=\/wp\/v2\/posts\/454","targetHints":{"allow":["GET"]}}],"collection":[{"href":"http:\/\/kudanarhiv.org\/index.php?rest_route=\/wp\/v2\/posts"}],"about":[{"href":"http:\/\/kudanarhiv.org\/index.php?rest_route=\/wp\/v2\/types\/post"}],"author":[{"embeddable":true,"href":"http:\/\/kudanarhiv.org\/index.php?rest_route=\/wp\/v2\/users\/2"}],"replies":[{"embeddable":true,"href":"http:\/\/kudanarhiv.org\/index.php?rest_route=%2Fwp%2Fv2%2Fcomments&post=454"}],"version-history":[{"count":3,"href":"http:\/\/kudanarhiv.org\/index.php?rest_route=\/wp\/v2\/posts\/454\/revisions"}],"predecessor-version":[{"id":458,"href":"http:\/\/kudanarhiv.org\/index.php?rest_route=\/wp\/v2\/posts\/454\/revisions\/458"}],"wp:attachment":[{"href":"http:\/\/kudanarhiv.org\/index.php?rest_route=%2Fwp%2Fv2%2Fmedia&parent=454"}],"wp:term":[{"taxonomy":"category","embeddable":true,"href":"http:\/\/kudanarhiv.org\/index.php?rest_route=%2Fwp%2Fv2%2Fcategories&post=454"},{"taxonomy":"post_tag","embeddable":true,"href":"http:\/\/kudanarhiv.org\/index.php?rest_route=%2Fwp%2Fv2%2Ftags&post=454"}],"curies":[{"name":"wp","href":"https:\/\/api.w.org\/{rel}","templated":true}]}}