{"id":89,"date":"2013-10-18T15:47:32","date_gmt":"2013-10-18T13:47:32","guid":{"rendered":"http:\/\/kudanarhiv.org\/skratki\/?p=89"},"modified":"2014-02-02T13:32:03","modified_gmt":"2014-02-02T12:32:03","slug":"velike-krompirjeve-otroske-delavnice","status":"publish","type":"post","link":"http:\/\/kudanarhiv.org\/skratki\/?p=89","title":{"rendered":"Velike krompirjeve otro\u0161ke delavnice"},"content":{"rendered":"<p>Dragi otroci, dragi star\u0161i!<\/p>\n<p>Med krompirjevimi po\u010ditnicami smo za vas organizirali drugi veliki sklop otro\u0161kih delavnic, ki potekajo v okviru medgeneracijskega projekta, financiranega s strani \u0160OU, v povezavi z otro\u0161kimi delavnicami, ki jih finan\u010dno podpira MOL. Delavnice se bodo zvrstile med 28.10. in 31.10., potekale bodo v MSUM. Dru\u017eili se bomo med 10h in 13h, pri \u010demer bo za brezpla\u010dno, zdravo malico poskrbljeno &#8211; bio izdelke nam namre\u010d prijazno podarja Mercator d.d.<\/p>\n<p>Dragi otroci in star\u0161i, da si boste znali bolje predstavljati, kaj vas \u010daka zadnji oktrobrski teden, vam prilagamo okvirni seznam aktivnosti:<\/p>\n<p><b>\u0160kratki in magi\u010dni svet \u017eivali <\/b><\/p>\n<p>Zelo pomembno podro\u010dje, ki ga pokriva \u0160kratova \u010ditalnica, so tudi pravice \u017eivali. V ta namen bomo organizirali delavnico, ki bo otroke spodbujala k zavedanju pomena simbioze \u010dlovek\/\u017eival. Delavnica bo tako otroke spodbujala k zavedanju pomena odgovornosti za \u017eivali v hiper industrializiranem urbanem obmo\u010dju.<\/p>\n<p><i>Da bi otrokom pribli\u017eali to izjemno pomembno tematiko, bodo otroci iz odvr\u017eenih plastenk izdelali pti\u010dje krmilnice in jih tudi razstavili.\u00a0<\/i><\/p>\n<p><i>Drugi del dru\u017eenja bo namenjen izdelavi kartonastih krokodil\u010dkov, pri \u010demer bomo uporabili odvr\u017eene \u0161katle za \u010devlje, manj\u0161e \u0161katle, pa tudi embala\u017ee za jajca. Ob tem se bomo pogovarjali o ogro\u017eenih \u017eivalskih vrstah (mednje med drugim spadajo tudi krokodili), o \u010dlovekovem vplivu na naravo, ne nazadnje pa tudi o simbiozi med \u017eivalskimi vrstami. <\/i><\/p>\n<p><em>Veseli bomo, \u010de boste s seboj prinesli raznorazne odvr\u017eene \u0161katle, \u0161katlice, lahko pa tudi volnene vrvice.\u00a0<\/em><\/p>\n<p>Izvedba druge delavnice je odvisna od \u010dasovne spremenljivke. V primeru, da \u010dasa ne bo dovolj, jo bomo izvedli naslednji dan.<\/p>\n<p><b>\u0160kratki in darovi narave <\/b><\/p>\n<p><i>Pri\u010dujo\u010da delavnica bo oblikovana skozi dve klju\u010dni etapi. <\/i>Najprej se bomo z otroki sprehodili po okolici Metelkove, tekom sprehoda bo otrokom na zanimiv na\u010din predstavljena zgodovina in pomembnost Metelkove za \u0161ir\u0161o dru\u017ebo kot tudi za sama alternativna gibanja. Na sprehodu bodo mentorji z otroki nabirali stor\u017ee, liste, cvetove in trave. V naslednji etapi bodo otroci ob pogovoru o letnih \u010dasih iz nabranega materiala izdelali zanimive igra\u010de \u2013 mo\u017eiclje, \u0161kratke, mi\u0161ke.<\/p>\n<p>Drugi del dru\u017eenja bo namenjen izdelavi bio mozaikov. Najprej bodo otroci izrisali bodisi \u017eivalske bodisi rastlinske motive jeseni (je\u017eki, posu\u0161eni listi dreves, grozdje). V nadaljevanju bomo pobarvali jaj\u010dne lupine z razli\u010dnimi barvami, lupine razdrobili, v nadaljevanju pa jih bomo na na\u010din lepljenke prilepili na izrisane motive.<\/p>\n<p><em>Veseli bomo, \u010de boste s seboj prinesli jaj\u010dne lupine, lahko pa tudi stor\u017ee.<\/em><\/p>\n<p>Izvedba druge delavnice je odvisna od \u010dasovne spremenljivke. V primeru, da \u010dasa ne bo dovolj, jo bomo izvedli naslednji dan.<\/p>\n<p><b>\u0160kratki v \u010dude\u017eni de\u017eeli <\/b><\/p>\n<p>Pri\u010dujo\u010da delavnica se bo najbolj neposredno ukvarjala z gradivom in vsebino \u0160kratove \u010citalnice. Najmlaj\u0161i bodo s pomo\u010djo sodelujo\u010dih \u0161tudentov spoznavali razli\u010dne pravljice z vsebinami, ki so aktualne za dana\u0161nji \u010das multikulturnih liberalnih dru\u017eb. Natan\u010dneje, skozi pravlji\u010dne vsebine, bodo otroci spoznavali romske in druge etni\u010dne manj\u0161ine. Z otroci bomo spregovorili tudi o razli\u010dnih tipih dru\u017ein.<\/p>\n<p>Skozi otrokom prijazen pristop bodo najmlaj\u0161i raz\u0161irili svoj pogled na pisanost \u0161ir\u0161e dru\u017ebene sestave, bili spodbujeni k razmisleku (tj. skozi risanje in slikanje) o lastnih izku\u0161njah s kakr\u0161nimi koli manj\u0161inami.<\/p>\n<div>Prijave na brezpla\u010dne delavnice sprejemo na skratovacital(at)gmail.com, vse do nedelje, 27.10.2013.<\/div>\n<div><\/div>\n<div>\n\n\t\t<style type=\"text\/css\">\n\t\t\t#gallery-1 {\n\t\t\t\tmargin: auto;\n\t\t\t}\n\t\t\t#gallery-1 .gallery-item {\n\t\t\t\tfloat: left;\n\t\t\t\tmargin-top: 10px;\n\t\t\t\ttext-align: center;\n\t\t\t\twidth: 33%;\n\t\t\t}\n\t\t\t#gallery-1 img {\n\t\t\t\tborder: 2px solid #cfcfcf;\n\t\t\t}\n\t\t\t#gallery-1 .gallery-caption {\n\t\t\t\tmargin-left: 0;\n\t\t\t}\n\t\t\t\/* see gallery_shortcode() in wp-includes\/media.php *\/\n\t\t<\/style>\n\t\t<div id='gallery-1' class='gallery galleryid-89 gallery-columns-3 gallery-size-thumbnail'><dl class='gallery-item'>\n\t\t\t<dt class='gallery-icon landscape'>\n\t\t\t\t<a href='http:\/\/kudanarhiv.org\/skratki\/?attachment_id=95#main'><img loading=\"lazy\" decoding=\"async\" width=\"150\" height=\"150\" src=\"http:\/\/kudanarhiv.org\/skratki\/wp-content\/uploads\/2013\/10\/logotip-barvni-150x150.jpg\" class=\"attachment-thumbnail size-thumbnail\" alt=\"\" \/><\/a>\n\t\t\t<\/dt><\/dl><dl class='gallery-item'>\n\t\t\t<dt class='gallery-icon landscape'>\n\t\t\t\t<a href='http:\/\/kudanarhiv.org\/skratki\/?attachment_id=96#main'><img loading=\"lazy\" decoding=\"async\" width=\"150\" height=\"143\" src=\"http:\/\/kudanarhiv.org\/skratki\/wp-content\/uploads\/2013\/10\/mercator-150x143.jpg\" class=\"attachment-thumbnail size-thumbnail\" alt=\"\" \/><\/a>\n\t\t\t<\/dt><\/dl><dl class='gallery-item'>\n\t\t\t<dt class='gallery-icon landscape'>\n\t\t\t\t<a href='http:\/\/kudanarhiv.org\/skratki\/?attachment_id=97#main'><img loading=\"lazy\" decoding=\"async\" width=\"150\" height=\"118\" src=\"http:\/\/kudanarhiv.org\/skratki\/wp-content\/uploads\/2013\/10\/mg_msum_logo-150x118.png\" class=\"attachment-thumbnail size-thumbnail\" alt=\"\" \/><\/a>\n\t\t\t<\/dt><\/dl><br style=\"clear: both\" \/><dl class='gallery-item'>\n\t\t\t<dt class='gallery-icon landscape'>\n\t\t\t\t<a href='http:\/\/kudanarhiv.org\/skratki\/?attachment_id=98#main'><img loading=\"lazy\" decoding=\"async\" width=\"150\" height=\"150\" src=\"http:\/\/kudanarhiv.org\/skratki\/wp-content\/uploads\/2013\/10\/logo-mol-150x150.jpg\" class=\"attachment-thumbnail size-thumbnail\" alt=\"\" \/><\/a>\n\t\t\t<\/dt><\/dl><dl class='gallery-item'>\n\t\t\t<dt class='gallery-icon landscape'>\n\t\t\t\t<a href='http:\/\/kudanarhiv.org\/skratki\/?attachment_id=99#main'><img loading=\"lazy\" decoding=\"async\" width=\"150\" height=\"150\" src=\"http:\/\/kudanarhiv.org\/skratki\/wp-content\/uploads\/2013\/10\/mreza-150x150.jpg\" class=\"attachment-thumbnail size-thumbnail\" alt=\"\" \/><\/a>\n\t\t\t<\/dt><\/dl><dl class='gallery-item'>\n\t\t\t<dt class='gallery-icon landscape'>\n\t\t\t\t<a href='http:\/\/kudanarhiv.org\/skratki\/?attachment_id=100#main'><img loading=\"lazy\" decoding=\"async\" width=\"150\" height=\"130\" src=\"http:\/\/kudanarhiv.org\/skratki\/wp-content\/uploads\/2013\/10\/logo-150x130.gif\" class=\"attachment-thumbnail size-thumbnail\" alt=\"\" \/><\/a>\n\t\t\t<\/dt><\/dl><br style=\"clear: both\" \/>\n\t\t<\/div>\n\n<\/div>\n<div><\/div>\n<div><\/div>\n<div>Projekt, ki poteka v sodelovanju z MSUM, finan\u010dno podpirajo MOL, \u0160OU, za zdravo malico bo poskrbel Mercator d.d., za prostor zaklju\u010dnega decembrskega dru\u017eenja bo poskrbel YHD, za opremo pa KUD Mre\u017ea.<\/div>\n<div><\/div>\n<div><\/div>\n<div><\/div>\n<div><\/div>\n<div><\/div>\n<div><\/div>\n<div><\/div>\n<div><\/div>\n<div><img decoding=\"async\" title=\"gallery\" alt=\"\" src=\"http:\/\/kudanarhiv.org\/skratki\/wp-includes\/js\/tinymce\/plugins\/wpgallery\/img\/t.gif\" \/><\/div>\n<div><\/div>\n","protected":false},"excerpt":{"rendered":"<p>Dragi otroci, dragi star\u0161i! Med krompirjevimi po\u010ditnicami smo za vas organizirali drugi veliki sklop otro\u0161kih delavnic, ki potekajo v okviru medgeneracijskega projekta, financiranega s strani \u0160OU, v povezavi z otro\u0161kimi delavnicami, ki jih finan\u010dno podpira MOL. Delavnice se bodo zvrstile med 28.10. in 31.10., potekale bodo v MSUM. Dru\u017eili se bomo med 10h in 13h,&#8230;<br \/><a class=\"more-link\" href=\"http:\/\/kudanarhiv.org\/skratki\/?p=89\">Continue reading &raquo;<\/a><\/p>\n","protected":false},"author":2,"featured_media":0,"comment_status":"closed","ping_status":"closed","sticky":false,"template":"","format":"standard","meta":{"footnotes":""},"categories":[2],"tags":[],"_links":{"self":[{"href":"http:\/\/kudanarhiv.org\/skratki\/index.php?rest_route=\/wp\/v2\/posts\/89"}],"collection":[{"href":"http:\/\/kudanarhiv.org\/skratki\/index.php?rest_route=\/wp\/v2\/posts"}],"about":[{"href":"http:\/\/kudanarhiv.org\/skratki\/index.php?rest_route=\/wp\/v2\/types\/post"}],"author":[{"embeddable":true,"href":"http:\/\/kudanarhiv.org\/skratki\/index.php?rest_route=\/wp\/v2\/users\/2"}],"replies":[{"embeddable":true,"href":"http:\/\/kudanarhiv.org\/skratki\/index.php?rest_route=%2Fwp%2Fv2%2Fcomments&post=89"}],"version-history":[{"count":8,"href":"http:\/\/kudanarhiv.org\/skratki\/index.php?rest_route=\/wp\/v2\/posts\/89\/revisions"}],"predecessor-version":[{"id":151,"href":"http:\/\/kudanarhiv.org\/skratki\/index.php?rest_route=\/wp\/v2\/posts\/89\/revisions\/151"}],"wp:attachment":[{"href":"http:\/\/kudanarhiv.org\/skratki\/index.php?rest_route=%2Fwp%2Fv2%2Fmedia&parent=89"}],"wp:term":[{"taxonomy":"category","embeddable":true,"href":"http:\/\/kudanarhiv.org\/skratki\/index.php?rest_route=%2Fwp%2Fv2%2Fcategories&post=89"},{"taxonomy":"post_tag","embeddable":true,"href":"http:\/\/kudanarhiv.org\/skratki\/index.php?rest_route=%2Fwp%2Fv2%2Ftags&post=89"}],"curies":[{"name":"wp","href":"https:\/\/api.w.org\/{rel}","templated":true}]}}