{"id":1056,"date":"2015-09-13T12:23:13","date_gmt":"2015-09-13T10:23:13","guid":{"rendered":"http:\/\/kudanarhiv.org\/?p=1056"},"modified":"2015-09-13T12:23:13","modified_gmt":"2015-09-13T10:23:13","slug":"pricetek-novega-cikla-nemskega-bralnega-krozka","status":"publish","type":"post","link":"https:\/\/kudanarhiv.org\/?p=1056","title":{"rendered":"Pri\u010detek novega cikla nem\u0161kega bralnega kro\u017eka"},"content":{"rendered":"<p style=\"text-align: center;\"><strong>Meje mojega jezika so meje mojega sveta \u2013 drugi\u010d!<\/strong><\/p>\n<p style=\"text-align: center;\">Dragi vsi, ki bi radi osve\u017eili nem\u0161\u010dino na zabaven in malo druga\u010den na\u010din!<\/p>\n<p style=\"text-align: center;\">Tudi to jesen bomo nadaljevali z <strong>nem\u0161kim bralnim kro\u017ekom<\/strong> oziroma <strong>osve\u017eitvenim te\u010dajem nem\u0161\u010dine<\/strong> za socialno depriviligirane mlade.\u00a0Na njem bomo obravnavali \u010dasopisne \u010dlanke o najbolj pere\u010dih politi\u010dnih in dru\u017ebenih temah, kak\u0161en odlomek iz najnovej\u0161ega romana, se u\u010dili s pomo\u010djo nem\u0161kih stripov in odlomkov iz filmov. Sre\u010danja bodo zasnovana na konverzaciji, tu in tam pa bomo osve\u017eili tudi kak\u0161no slovni\u010dno temo.<\/p>\n<p style=\"text-align: center;\">Kro\u017eek bo vodila u\u010diteljica nem\u0161\u010dine in literarna komparativistka Mojca Kirbi\u0161.<\/p>\n<p style=\"text-align: center;\"><strong>Prvi dve sre\u010danji<\/strong> bosta v prostorih <strong>\u0160kratove \u010ditalnice na Kersnikovi 4<\/strong> v petek <strong>18. in 15. septembra ob 17.00<\/strong>.<\/p>\n<p style=\"text-align: center;\">Svoje mesto v kro\u017eku si pravo\u010dasno rezervirajte po mejlu: mojcakirbis11@gmail.com<\/p>\n<h6 style=\"text-align: center;\">Kro\u017eek financira Mestna ob\u010dina Ljubljana.<\/h6>\n","protected":false},"excerpt":{"rendered":"<p>Meje mojega jezika so meje mojega sveta \u2013 drugi\u010d! Dragi vsi, ki bi radi osve\u017eili nem\u0161\u010dino na zabaven in malo druga\u010den na\u010din! Tudi to jesen bomo nadaljevali z nem\u0161kim bralnim kro\u017ekom oziroma osve\u017eitvenim te\u010dajem nem\u0161\u010dine za socialno depriviligirane mlade.\u00a0Na njem bomo obravnavali \u010dasopisne \u010dlanke o najbolj pere\u010dih politi\u010dnih in dru\u017ebenih temah, kak\u0161en odlomek iz najnovej\u0161ega [&hellip;]<\/p>\n","protected":false},"author":2,"featured_media":0,"comment_status":"closed","ping_status":"closed","sticky":false,"template":"","format":"standard","meta":{"footnotes":""},"categories":[3],"tags":[],"class_list":["post-1056","post","type-post","status-publish","format-standard","hentry","category-info"],"_links":{"self":[{"href":"https:\/\/kudanarhiv.org\/index.php?rest_route=\/wp\/v2\/posts\/1056","targetHints":{"allow":["GET"]}}],"collection":[{"href":"https:\/\/kudanarhiv.org\/index.php?rest_route=\/wp\/v2\/posts"}],"about":[{"href":"https:\/\/kudanarhiv.org\/index.php?rest_route=\/wp\/v2\/types\/post"}],"author":[{"embeddable":true,"href":"https:\/\/kudanarhiv.org\/index.php?rest_route=\/wp\/v2\/users\/2"}],"replies":[{"embeddable":true,"href":"https:\/\/kudanarhiv.org\/index.php?rest_route=%2Fwp%2Fv2%2Fcomments&post=1056"}],"version-history":[{"count":1,"href":"https:\/\/kudanarhiv.org\/index.php?rest_route=\/wp\/v2\/posts\/1056\/revisions"}],"predecessor-version":[{"id":1057,"href":"https:\/\/kudanarhiv.org\/index.php?rest_route=\/wp\/v2\/posts\/1056\/revisions\/1057"}],"wp:attachment":[{"href":"https:\/\/kudanarhiv.org\/index.php?rest_route=%2Fwp%2Fv2%2Fmedia&parent=1056"}],"wp:term":[{"taxonomy":"category","embeddable":true,"href":"https:\/\/kudanarhiv.org\/index.php?rest_route=%2Fwp%2Fv2%2Fcategories&post=1056"},{"taxonomy":"post_tag","embeddable":true,"href":"https:\/\/kudanarhiv.org\/index.php?rest_route=%2Fwp%2Fv2%2Ftags&post=1056"}],"curies":[{"name":"wp","href":"https:\/\/api.w.org\/{rel}","templated":true}]}}