{"id":1060,"date":"2015-09-30T11:21:11","date_gmt":"2015-09-30T09:21:11","guid":{"rendered":"http:\/\/kudanarhiv.org\/?p=1060"},"modified":"2015-09-30T11:22:54","modified_gmt":"2015-09-30T09:22:54","slug":"rezime-prvega-srecanja-nove-sezone-tv-filmskega-kluba","status":"publish","type":"post","link":"https:\/\/kudanarhiv.org\/?p=1060","title":{"rendered":"Rezime prvega sre\u010danja nove sezone TV-filmskega kluba"},"content":{"rendered":"<div>V ponedeljek smo otvorili novo sezono TV-filmskega kluba, ki ga soorganiziramo skupaj z MKLJ &#8211; enoto \u0160i\u0161ka.<\/div>\n<div>V leto\u0161nji sezoni bomo govorili o TV kot pomembni dru\u017ebeno-politi\u010dni in kulturni formi. Toda v analizo bomo vstopali skozi izjemno prese\u010dno disciplino TV \u0161tudij, ki zdru\u017eujejo filmske, kulturolo\u0161ke, medijske, novinarske in literarne \u0161tudije.<\/div>\n<div><\/div>\n<div>Na ponedeljkovem sre\u010danju smo:<\/div>\n<div><\/div>\n<div>&#8211; predstavili osnove TV \u0161tudij,<\/div>\n<div>-kontekstualizacijo vzpona TV forme\u00a0v relaciji do dveh dru\u017ebenih tipov: dru\u017ebe discipline vs. dru\u017ebe nadzora,<\/div>\n<div>-TV forma kot TOK po Raymondu Williamsu,<\/div>\n<div>-TV forma skozi segmentacijo po Ellisu,<br clear=\"all\" \/>-vzpon kvalitetne oz. kakovostne televizije v relaciji do filma.<\/div>\n<div><\/div>\n<div>Tudi letos bomo sku\u0161ali vabiti ugledne goste, prav tako bomo predstavljene vsebine tematizirali skozi &#8220;doma\u010de naloge&#8221;.<\/div>\n<div><\/div>\n<div>Na naslednjem sre\u010danju, ki bo 26.10.2015, ob 18. 00, v Knji\u017enici \u0160i\u0161ka, bomo govorili o vzponu kvalitetne oz. kakovostne TV kot specifi\u010dne tv forme, ki je v svojih prijemih v marsi\u010dem izrazito kinemati\u010dna. Prav tako se bomo spra\u0161evali, \u010de ni princip serialnosti tisti, ki najbolj ustreza dana\u0161nji obliki kapitalisti\u010dne dru\u017ebene vezi.<\/div>\n<div><\/div>\n<div>1. Doma\u010da naloga:<\/div>\n<div><\/div>\n<div>\n<div><span style=\"color: #000000; font-family: 'trebuchet ms', sans-serif;\">\u2022<\/span><span style=\"color: #000000; font-family: 'trebuchet ms', sans-serif;\">Izberi si dva novi\u010darska programa in analiziraj na\u010din njunega podajanja vsebine: za\u017eeleno je, da se osredoto\u010di na poro\u010danje o begunkah in beguncih,<\/span><\/div>\n<div><span style=\"color: #000000; font-family: 'trebuchet ms', sans-serif;\">\u2022<\/span><span style=\"color: #000000; font-family: 'trebuchet ms', sans-serif;\">Izberi si eno serijo ti. kakovostne televizije in jo analiziraj z vidika <\/span><span style=\"color: #000000; font-family: 'trebuchet ms', sans-serif;\">taksonomije<\/span><span style=\"color: #000000; font-family: 'trebuchet ms', sans-serif;\">: ali gre za <\/span><span style=\"color: #000000; font-family: 'trebuchet ms', sans-serif;\">serial<\/span><span style=\"color: #000000; font-family: 'trebuchet ms', sans-serif;\"> ali za serijo; razmi\u0161ljaj tudi o njenem\u00a0odnosu do filma (za kak\u0161en tip pogleda gre, kaj bi lahko ozna\u010dili za filmska sredstva, kaj bi ozna\u010dili za primer televizijskih konvencij ipd.)<\/span><\/div>\n<div><span style=\"color: #000000; font-family: 'trebuchet ms', sans-serif;\">\u2022<\/span><span style=\"color: #000000; font-family: 'trebuchet ms', sans-serif;\">Preberi, \u010de ima\u0161 \u010das, tekst: Lenart <\/span><span style=\"color: #000000; font-family: 'trebuchet ms', sans-serif;\">Ku\u010di\u0107<\/span><span style=\"color: #000000; font-family: 'trebuchet ms', sans-serif;\">: Kam pluje televizijski tok &#8211;&gt; V\u00a0Proti koncu: sodobna tv serija in serialnost (ur. Jela Kre\u010di\u010d in Ivana Novak), \u010de ima\u0161 ve\u010d \u010dasa, pa se priporo\u010da \u0161e odli\u010dna \u0161tudija Raymonda Williamsa: Television)<\/span><\/div>\n<\/div>\n<div style=\"text-align: center;\"><\/div>\n<div style=\"text-align: center;\">\n<p>Klub sofinancirata Mestna knji\u017enica Ljubljana in Mestna ob\u010dina Ljubljana.<\/p><\/div>\n","protected":false},"excerpt":{"rendered":"<p>V ponedeljek smo otvorili novo sezono TV-filmskega kluba, ki ga soorganiziramo skupaj z MKLJ &#8211; enoto \u0160i\u0161ka. V leto\u0161nji sezoni bomo govorili o TV kot pomembni dru\u017ebeno-politi\u010dni in kulturni formi. Toda v analizo bomo vstopali skozi izjemno prese\u010dno disciplino TV \u0161tudij, ki zdru\u017eujejo filmske, kulturolo\u0161ke, medijske, novinarske in literarne \u0161tudije. Na ponedeljkovem sre\u010danju smo: &#8211; [&hellip;]<\/p>\n","protected":false},"author":2,"featured_media":0,"comment_status":"closed","ping_status":"closed","sticky":false,"template":"","format":"standard","meta":{"footnotes":""},"categories":[3],"tags":[],"class_list":["post-1060","post","type-post","status-publish","format-standard","hentry","category-info"],"_links":{"self":[{"href":"https:\/\/kudanarhiv.org\/index.php?rest_route=\/wp\/v2\/posts\/1060","targetHints":{"allow":["GET"]}}],"collection":[{"href":"https:\/\/kudanarhiv.org\/index.php?rest_route=\/wp\/v2\/posts"}],"about":[{"href":"https:\/\/kudanarhiv.org\/index.php?rest_route=\/wp\/v2\/types\/post"}],"author":[{"embeddable":true,"href":"https:\/\/kudanarhiv.org\/index.php?rest_route=\/wp\/v2\/users\/2"}],"replies":[{"embeddable":true,"href":"https:\/\/kudanarhiv.org\/index.php?rest_route=%2Fwp%2Fv2%2Fcomments&post=1060"}],"version-history":[{"count":2,"href":"https:\/\/kudanarhiv.org\/index.php?rest_route=\/wp\/v2\/posts\/1060\/revisions"}],"predecessor-version":[{"id":1062,"href":"https:\/\/kudanarhiv.org\/index.php?rest_route=\/wp\/v2\/posts\/1060\/revisions\/1062"}],"wp:attachment":[{"href":"https:\/\/kudanarhiv.org\/index.php?rest_route=%2Fwp%2Fv2%2Fmedia&parent=1060"}],"wp:term":[{"taxonomy":"category","embeddable":true,"href":"https:\/\/kudanarhiv.org\/index.php?rest_route=%2Fwp%2Fv2%2Fcategories&post=1060"},{"taxonomy":"post_tag","embeddable":true,"href":"https:\/\/kudanarhiv.org\/index.php?rest_route=%2Fwp%2Fv2%2Ftags&post=1060"}],"curies":[{"name":"wp","href":"https:\/\/api.w.org\/{rel}","templated":true}]}}