{"id":1070,"date":"2015-10-07T21:46:06","date_gmt":"2015-10-07T19:46:06","guid":{"rendered":"http:\/\/kudanarhiv.org\/?p=1070"},"modified":"2015-10-07T21:46:06","modified_gmt":"2015-10-07T19:46:06","slug":"ucenje-nemscine-malo-drugace-9-10-2015","status":"publish","type":"post","link":"https:\/\/kudanarhiv.org\/?p=1070","title":{"rendered":"U\u010denje nem\u0161\u010dine malo druga\u010de: 9.10.2015"},"content":{"rendered":"<p style=\"text-align: center;\">V petek nadaljujemo z &#8216;u\u010denjem nem\u0161\u010dine malo druga\u010de&#8217; v Knji\u017enici \u0160i\u0161ka in uvajamo serijo u\u010denja z aktualnimi nem\u0161kimi stripi!<\/p>\n<p style=\"text-align: center;\">Am Freitag setzen wir mit unserem &#8216;Deutschunterricht mal anders&#8217; fort und zwar besch\u00e4ftigen wir uns in den n\u00e4chsten Wochen mit aktuellen deutschen Comics. Als erster kommt mawils Kinderland an die Reihe, der im Jahr 2014 Max-und Moritz-Preis in der Kategorie \u00bbBester deutschsprachiger Comic\u00ab gewonnen hat.<\/p>\n<p style=\"text-align: center;\">WO? Knji\u017enica \u0160i\u0161ka, 1. Stock<\/p>\n<p style=\"text-align: center;\">WANN? am 9.10. um 18:15 Uhr<\/p>\n<p style=\"text-align: center;\">Anmeldung: <a href=\"mailto:mojcakirbis11@gmail.com\">mojcakirbis11@gmail.com<\/a><\/p>\n<p><a href=\"http:\/\/kudanarhiv.org\/wp-content\/uploads\/2015\/10\/images-1-1.jpg\"><img loading=\"lazy\" decoding=\"async\" class=\"aligncenter size-full wp-image-1071\" src=\"http:\/\/kudanarhiv.org\/wp-content\/uploads\/2015\/10\/images-1-1.jpg\" alt=\"images (1) (1)\" width=\"190\" height=\"265\" \/><\/a><\/p>\n<p>&nbsp;<\/p>\n<h6 style=\"text-align: center;\">Projekt Meje mojega jezika so meje mojega sveta? podpirata Mestna ob\u010dina Ljubljana in Mestna knji\u017enica Ljubljana &#8211; enota \u0160i\u0161ka. Projekt se odvija v okviru KUD Anarhiv, vodi pa ga Mojca Kirbi\u0161.<\/h6>\n","protected":false},"excerpt":{"rendered":"<p>V petek nadaljujemo z &#8216;u\u010denjem nem\u0161\u010dine malo druga\u010de&#8217; v Knji\u017enici \u0160i\u0161ka in uvajamo serijo u\u010denja z aktualnimi nem\u0161kimi stripi! Am Freitag setzen wir mit unserem &#8216;Deutschunterricht mal anders&#8217; fort und zwar besch\u00e4ftigen wir uns in den n\u00e4chsten Wochen mit aktuellen deutschen Comics. Als erster kommt mawils Kinderland an die Reihe, der im Jahr 2014 Max-und [&hellip;]<\/p>\n","protected":false},"author":2,"featured_media":0,"comment_status":"closed","ping_status":"closed","sticky":false,"template":"","format":"standard","meta":{"footnotes":""},"categories":[3],"tags":[],"class_list":["post-1070","post","type-post","status-publish","format-standard","hentry","category-info"],"_links":{"self":[{"href":"https:\/\/kudanarhiv.org\/index.php?rest_route=\/wp\/v2\/posts\/1070","targetHints":{"allow":["GET"]}}],"collection":[{"href":"https:\/\/kudanarhiv.org\/index.php?rest_route=\/wp\/v2\/posts"}],"about":[{"href":"https:\/\/kudanarhiv.org\/index.php?rest_route=\/wp\/v2\/types\/post"}],"author":[{"embeddable":true,"href":"https:\/\/kudanarhiv.org\/index.php?rest_route=\/wp\/v2\/users\/2"}],"replies":[{"embeddable":true,"href":"https:\/\/kudanarhiv.org\/index.php?rest_route=%2Fwp%2Fv2%2Fcomments&post=1070"}],"version-history":[{"count":1,"href":"https:\/\/kudanarhiv.org\/index.php?rest_route=\/wp\/v2\/posts\/1070\/revisions"}],"predecessor-version":[{"id":1072,"href":"https:\/\/kudanarhiv.org\/index.php?rest_route=\/wp\/v2\/posts\/1070\/revisions\/1072"}],"wp:attachment":[{"href":"https:\/\/kudanarhiv.org\/index.php?rest_route=%2Fwp%2Fv2%2Fmedia&parent=1070"}],"wp:term":[{"taxonomy":"category","embeddable":true,"href":"https:\/\/kudanarhiv.org\/index.php?rest_route=%2Fwp%2Fv2%2Fcategories&post=1070"},{"taxonomy":"post_tag","embeddable":true,"href":"https:\/\/kudanarhiv.org\/index.php?rest_route=%2Fwp%2Fv2%2Ftags&post=1070"}],"curies":[{"name":"wp","href":"https:\/\/api.w.org\/{rel}","templated":true}]}}