{"id":1073,"date":"2015-10-09T10:55:27","date_gmt":"2015-10-09T08:55:27","guid":{"rendered":"http:\/\/kudanarhiv.org\/?p=1073"},"modified":"2015-10-09T10:58:26","modified_gmt":"2015-10-09T08:58:26","slug":"brezplacni-tecaj-francoscine","status":"publish","type":"post","link":"https:\/\/kudanarhiv.org\/?p=1073","title":{"rendered":"Brezpla\u010dni te\u010daj franco\u0161\u010dine"},"content":{"rendered":"<p style=\"text-align: center;\">V novembru za\u010denjamo tudi z brezpla\u010dnim te\u010dajem franco\u0161\u010dine za za\u010detnike! Prijave odprte!<\/p>\n<p style=\"text-align: center;\">V KUD-u Anarhiv bomo letos ponudili brezpla\u010dni petmese\u010dni te\u010daj franco\u0161\u010dine za za\u010detnike, ki ga bo vodila jezikovna navdu\u0161enka Aicha Boughazi. Na te\u010daju bomo skupaj razbijali \u017ee preve\u010dkrat sli\u0161ani stereotip o preveliki zahtevnosti francoskega jezika. Le fran\u00e7ais, c&#8217;est simple! bo na\u0161 moto, ki nas bo spremljal, ko se bomo u\u010dili plavati v reki francoskih besed in izrazov.<\/p>\n<p style=\"text-align: center;\">Udele\u017eenci\/ke te\u010d<span class=\"text_exposed_show\">aja bodo prejemali smernice in orodja, ki jim bodo omogo\u010dili avtonomno spoznavanje francoskega jezika z velikim poudarkom na ustnem izra\u017eanju. U\u010dni proces bo zelo dinami\u010den in spro\u0161\u010den, saj bo vanj vklju\u010denih veliko vaj in iger, skupina pa bo \u0161tela zgolj 8 udele\u017eencev\/k.<\/span><\/p>\n<div class=\"text_exposed_show\">\n<p style=\"text-align: center;\">Komu je te\u010daj namenjen in kdaj se bo izvajal?<\/p>\n<p style=\"text-align: center;\">Te\u010daj franco\u0161\u010dine za za\u010detnike je namenjen vsem, ki jih zanima znanje francoskega jezika in imajo 18 let ali ve\u010d. Potekal bo predvidoma enkrat na teden od novembra 2015 do marca 2016. Za to\u010den termin se bomo po zapolnitvi mest dogovorili skupaj z udele\u017eenci\/kami.<\/p>\n<p style=\"text-align: center;\">\u010ce smo te navdu\u0161ili in bi se rad\/a pridru\u017eil\/a te\u010daju, po\u0161lji prijavo \u010dim prej na: aicha.boughazi.92(at)<a href=\"http:\/\/l.facebook.com\/l.php?u=http%3A%2F%2Fgmail.com%2F&amp;h=mAQGBSRugAQEEKz_kSuuZI1jiepmoUZuScyEa3OgNMM13SA&amp;enc=AZPgZTKSI7jZcuJ53T1sQSWo-ByrUFSjAR9VEj_Jz1SY9FjPu7KcFeQkVgGXRsqSS4u0cnEQb--7p6N9Cr9FZ1R7ayKTG60qsXUDyyJpilroPT0L2Plzggbz5M5nlzlFpFrHHX4aSK_DQcFt7bE__05gW5509g_GDB5ZhaLykpArd_UTTIAr3h8meIPsUWVifWEndIzeIro0oQ4w7rRhXXIi&amp;s=1\" target=\"_blank\" rel=\"nofollow\">gmail.com.<\/a><\/p>\n<p style=\"text-align: center;\"><a href=\"http:\/\/kudanarhiv.org\/wp-content\/uploads\/2015\/10\/FCS4250.gif\"><img loading=\"lazy\" decoding=\"async\" class=\"aligncenter size-full wp-image-1074\" src=\"http:\/\/kudanarhiv.org\/wp-content\/uploads\/2015\/10\/FCS4250.gif\" alt=\"FCS4250\" width=\"250\" height=\"113\" \/><\/a><\/p>\n<h6 style=\"text-align: center;\">Te\u010daj se bo odvijal v okviru triletnega programa \u0160kratova \u010citalnica, ki ga financira Mestna ob\u010dina Ljubljana.<\/h6>\n<\/div>\n","protected":false},"excerpt":{"rendered":"<p>V novembru za\u010denjamo tudi z brezpla\u010dnim te\u010dajem franco\u0161\u010dine za za\u010detnike! Prijave odprte! V KUD-u Anarhiv bomo letos ponudili brezpla\u010dni petmese\u010dni te\u010daj franco\u0161\u010dine za za\u010detnike, ki ga bo vodila jezikovna navdu\u0161enka Aicha Boughazi. Na te\u010daju bomo skupaj razbijali \u017ee preve\u010dkrat sli\u0161ani stereotip o preveliki zahtevnosti francoskega jezika. Le fran\u00e7ais, c&#8217;est simple! bo na\u0161 moto, ki nas [&hellip;]<\/p>\n","protected":false},"author":2,"featured_media":0,"comment_status":"closed","ping_status":"closed","sticky":false,"template":"","format":"standard","meta":{"footnotes":""},"categories":[3],"tags":[],"class_list":["post-1073","post","type-post","status-publish","format-standard","hentry","category-info"],"_links":{"self":[{"href":"https:\/\/kudanarhiv.org\/index.php?rest_route=\/wp\/v2\/posts\/1073","targetHints":{"allow":["GET"]}}],"collection":[{"href":"https:\/\/kudanarhiv.org\/index.php?rest_route=\/wp\/v2\/posts"}],"about":[{"href":"https:\/\/kudanarhiv.org\/index.php?rest_route=\/wp\/v2\/types\/post"}],"author":[{"embeddable":true,"href":"https:\/\/kudanarhiv.org\/index.php?rest_route=\/wp\/v2\/users\/2"}],"replies":[{"embeddable":true,"href":"https:\/\/kudanarhiv.org\/index.php?rest_route=%2Fwp%2Fv2%2Fcomments&post=1073"}],"version-history":[{"count":1,"href":"https:\/\/kudanarhiv.org\/index.php?rest_route=\/wp\/v2\/posts\/1073\/revisions"}],"predecessor-version":[{"id":1075,"href":"https:\/\/kudanarhiv.org\/index.php?rest_route=\/wp\/v2\/posts\/1073\/revisions\/1075"}],"wp:attachment":[{"href":"https:\/\/kudanarhiv.org\/index.php?rest_route=%2Fwp%2Fv2%2Fmedia&parent=1073"}],"wp:term":[{"taxonomy":"category","embeddable":true,"href":"https:\/\/kudanarhiv.org\/index.php?rest_route=%2Fwp%2Fv2%2Fcategories&post=1073"},{"taxonomy":"post_tag","embeddable":true,"href":"https:\/\/kudanarhiv.org\/index.php?rest_route=%2Fwp%2Fv2%2Ftags&post=1073"}],"curies":[{"name":"wp","href":"https:\/\/api.w.org\/{rel}","templated":true}]}}