{"id":1089,"date":"2015-10-21T17:42:33","date_gmt":"2015-10-21T15:42:33","guid":{"rendered":"http:\/\/kudanarhiv.org\/?p=1089"},"modified":"2015-10-21T17:45:40","modified_gmt":"2015-10-21T15:45:40","slug":"gledaliski-seminar-gib-telo-vnovic-vabi-tokrat-se-bolj-udarno","status":"publish","type":"post","link":"https:\/\/kudanarhiv.org\/?p=1089","title":{"rendered":"Gledali\u0161ki seminar: Gib-telo vnovi\u010d vabi &#8211; tokrat \u0161e bolj udarno!"},"content":{"rendered":"<p style=\"text-align: center;\">V \u010detrtek 22.10. ob 18-ih v <em>Gledali\u0161kem in\u0161titutu<\/em> nadaljujemo z Gledali\u0161kim seminarjem Gib-telo &#8211; tokrat se pripravljamo na petkov pogovor z <strong><em>Ireno Toma\u017ein<\/em><\/strong>.<\/p>\n<p style=\"text-align: center;\">\u010ce pi\u0161ete na\u00a0fizkultura@googlegroups.com, na google skupino, ki jo moderirajo koordinatorji seminarja, boste prejeli dva teksta, ki bosta predstavljala svojevrstno izhodi\u0161\u010de premi\u0161ljevanja:\u00a0<i>Telo glasu<\/i>, intervju, ter tekst Irene Toma\u017ein z naslovom\u00a0<i>Govorice glasu ali o \u010dem govori glas<\/i>.<\/p>\n<div style=\"text-align: center;\">\n<div>\n<div>\n<div>\n<div><strong><em>V petek 23.10. ob 18-ih pa vljudno vabljeni na pogovor v <a href=\"http:\/\/www.spanskiborci.si\/7\/847\/pogovor-z-ireno-tomazin.html\">\u0160panskih borcih<\/a>:<\/em><\/strong><\/div>\n<div><\/div>\n<\/div>\n<\/div>\n<\/div>\n<p>Irena Toma\u017ein je plesalka, koreografinja, vokalistka pa tudi podiplomska \u0161tudentka filozofije, ki svoje raziskovanje kontinuirano osredoto\u010da na preizpra\u0161evanje prostora med glasom, gibom, gesto in telesom. Tak je tudi njen najnovej\u0161i solo performans <strong><em>Telo glasu<\/em><\/strong>, ki bo tudi vstopna to\u010dka petkovega pogovora s kasnej\u0161imi odvodi v njeno metodologijo dela.<\/p>\n<\/div>\n<div style=\"text-align: center;\"><\/div>\n<div style=\"text-align: center;\">\n<p>Pogovor organizirajo seminaristi Seminarja Gib-telo, ki deluje na pregibu med <a href=\"http:\/\/radiostudent.si\/kultura\">Redakcijo za kulturo in humanisti\u010dne vede Radia \u0160tudent<\/a> ter KUD Anarhiv-a v sodelovanju s \u0160panskimi borci. Pogovor bo potekal v petek, 23.10. ob 18-ih.<\/p>\n<\/div>\n<p style=\"text-align: center;\"><em>Vsi lepo vabljeni, da se aktivno vklju\u010dite v snovanje pogovora in njegovo realizacijo.\u00a0<\/em><\/p>\n<h6 style=\"text-align: center;\">Gledali\u0161ki seminar: Gib-telo sofinancira tudi Mestna ob\u010dina Ljubljana.<\/h6>\n","protected":false},"excerpt":{"rendered":"<p>V \u010detrtek 22.10. ob 18-ih v Gledali\u0161kem in\u0161titutu nadaljujemo z Gledali\u0161kim seminarjem Gib-telo &#8211; tokrat se pripravljamo na petkov pogovor z Ireno Toma\u017ein. \u010ce pi\u0161ete na\u00a0fizkultura@googlegroups.com, na google skupino, ki jo moderirajo koordinatorji seminarja, boste prejeli dva teksta, ki bosta predstavljala svojevrstno izhodi\u0161\u010de premi\u0161ljevanja:\u00a0Telo glasu, intervju, ter tekst Irene Toma\u017ein z naslovom\u00a0Govorice glasu ali o [&hellip;]<\/p>\n","protected":false},"author":2,"featured_media":0,"comment_status":"closed","ping_status":"closed","sticky":false,"template":"","format":"standard","meta":{"footnotes":""},"categories":[3],"tags":[],"class_list":["post-1089","post","type-post","status-publish","format-standard","hentry","category-info"],"_links":{"self":[{"href":"https:\/\/kudanarhiv.org\/index.php?rest_route=\/wp\/v2\/posts\/1089","targetHints":{"allow":["GET"]}}],"collection":[{"href":"https:\/\/kudanarhiv.org\/index.php?rest_route=\/wp\/v2\/posts"}],"about":[{"href":"https:\/\/kudanarhiv.org\/index.php?rest_route=\/wp\/v2\/types\/post"}],"author":[{"embeddable":true,"href":"https:\/\/kudanarhiv.org\/index.php?rest_route=\/wp\/v2\/users\/2"}],"replies":[{"embeddable":true,"href":"https:\/\/kudanarhiv.org\/index.php?rest_route=%2Fwp%2Fv2%2Fcomments&post=1089"}],"version-history":[{"count":3,"href":"https:\/\/kudanarhiv.org\/index.php?rest_route=\/wp\/v2\/posts\/1089\/revisions"}],"predecessor-version":[{"id":1092,"href":"https:\/\/kudanarhiv.org\/index.php?rest_route=\/wp\/v2\/posts\/1089\/revisions\/1092"}],"wp:attachment":[{"href":"https:\/\/kudanarhiv.org\/index.php?rest_route=%2Fwp%2Fv2%2Fmedia&parent=1089"}],"wp:term":[{"taxonomy":"category","embeddable":true,"href":"https:\/\/kudanarhiv.org\/index.php?rest_route=%2Fwp%2Fv2%2Fcategories&post=1089"},{"taxonomy":"post_tag","embeddable":true,"href":"https:\/\/kudanarhiv.org\/index.php?rest_route=%2Fwp%2Fv2%2Ftags&post=1089"}],"curies":[{"name":"wp","href":"https:\/\/api.w.org\/{rel}","templated":true}]}}