{"id":1098,"date":"2015-10-29T17:33:33","date_gmt":"2015-10-29T16:33:33","guid":{"rendered":"http:\/\/kudanarhiv.org\/?p=1098"},"modified":"2015-10-29T17:34:10","modified_gmt":"2015-10-29T16:34:10","slug":"francoski-krozek-z-aicho-boughazi","status":"publish","type":"post","link":"https:\/\/kudanarhiv.org\/?p=1098","title":{"rendered":"Francoski kro\u017eek z Aicho Boughazi"},"content":{"rendered":"<p style=\"text-align: center;\">Z naslednjim torkom, 3.11.2015, ob 19.00, na Kersnikovi, pri\u010denjamo s \u0161e eno novostjo v na\u0161em dru\u0161tvu. \u0160tudentka prevajalstva, Aicha Boughazi, bo pri\u010dela voditi brezpla\u010dni Francoski kro\u017eek. Kro\u017eek se bo odvijal vse do marca, po potrebi tudi dlje. Aicha je prijave na kro\u017eek \u017ee zbrala, zato so zaenkrat mesta na kro\u017eku zapolnjena, a trudili se bomo, da bomo v nadaljevanju kro\u017eek raz\u0161irili.<\/p>\n<p style=\"text-align: center;\">Sicer pa boste udele\u017eenci_ke te\u010daja prejeli smernice in orodja, ki vam bodo omogo\u010dila avtonomno spoznavanje francoskega jezika z velikim poudarkom na ustnem izra\u017eanju. U\u010dni proces bo zelo dinami\u010den in spro\u0161\u010den, saj bo vanj vklju\u010denih veliko vaj in iger.<\/p>\n<p style=\"text-align: center;\">Zaradi kro\u017eka bomo odpirali \u010das \u0160kratove \u010citalnice nekoliko spremenili. Odprli bomo ob 16.30 in zaprli s koncem Francoskega kro\u017eka.<\/p>\n<p style=\"text-align: center;\">\u00c0 bient\u00f4t!<\/p>\n<p style=\"text-align: center;\"><img loading=\"lazy\" decoding=\"async\" class=\"aligncenter\" src=\"http:\/\/institutpacifique.com\/wp-content\/uploads\/2012\/06\/%C3%80-bientot1.bmp\" alt=\"\" width=\"405\" height=\"253\" \/><\/p>\n<p>&nbsp;<\/p>\n<h6 style=\"text-align: center;\">Kro\u017eek se odvija v okviru triletnega programa \u0160kratova \u010citalnica, ki ga financira Mestna ob\u010dina Ljubljana, na programu pa dela tudi oseba zaposlena prek javnih del.<\/h6>\n<p>&nbsp;<\/p>\n","protected":false},"excerpt":{"rendered":"<p>Z naslednjim torkom, 3.11.2015, ob 19.00, na Kersnikovi, pri\u010denjamo s \u0161e eno novostjo v na\u0161em dru\u0161tvu. \u0160tudentka prevajalstva, Aicha Boughazi, bo pri\u010dela voditi brezpla\u010dni Francoski kro\u017eek. Kro\u017eek se bo odvijal vse do marca, po potrebi tudi dlje. Aicha je prijave na kro\u017eek \u017ee zbrala, zato so zaenkrat mesta na kro\u017eku zapolnjena, a trudili se bomo, [&hellip;]<\/p>\n","protected":false},"author":2,"featured_media":0,"comment_status":"closed","ping_status":"closed","sticky":false,"template":"","format":"standard","meta":{"footnotes":""},"categories":[3],"tags":[],"class_list":["post-1098","post","type-post","status-publish","format-standard","hentry","category-info"],"_links":{"self":[{"href":"https:\/\/kudanarhiv.org\/index.php?rest_route=\/wp\/v2\/posts\/1098","targetHints":{"allow":["GET"]}}],"collection":[{"href":"https:\/\/kudanarhiv.org\/index.php?rest_route=\/wp\/v2\/posts"}],"about":[{"href":"https:\/\/kudanarhiv.org\/index.php?rest_route=\/wp\/v2\/types\/post"}],"author":[{"embeddable":true,"href":"https:\/\/kudanarhiv.org\/index.php?rest_route=\/wp\/v2\/users\/2"}],"replies":[{"embeddable":true,"href":"https:\/\/kudanarhiv.org\/index.php?rest_route=%2Fwp%2Fv2%2Fcomments&post=1098"}],"version-history":[{"count":1,"href":"https:\/\/kudanarhiv.org\/index.php?rest_route=\/wp\/v2\/posts\/1098\/revisions"}],"predecessor-version":[{"id":1099,"href":"https:\/\/kudanarhiv.org\/index.php?rest_route=\/wp\/v2\/posts\/1098\/revisions\/1099"}],"wp:attachment":[{"href":"https:\/\/kudanarhiv.org\/index.php?rest_route=%2Fwp%2Fv2%2Fmedia&parent=1098"}],"wp:term":[{"taxonomy":"category","embeddable":true,"href":"https:\/\/kudanarhiv.org\/index.php?rest_route=%2Fwp%2Fv2%2Fcategories&post=1098"},{"taxonomy":"post_tag","embeddable":true,"href":"https:\/\/kudanarhiv.org\/index.php?rest_route=%2Fwp%2Fv2%2Ftags&post=1098"}],"curies":[{"name":"wp","href":"https:\/\/api.w.org\/{rel}","templated":true}]}}