{"id":1232,"date":"2016-02-18T15:03:29","date_gmt":"2016-02-18T14:03:29","guid":{"rendered":"http:\/\/kudanarhiv.org\/?p=1232"},"modified":"2016-02-18T15:05:57","modified_gmt":"2016-02-18T14:05:57","slug":"sic","status":"publish","type":"post","link":"https:\/\/kudanarhiv.org\/?p=1232","title":{"rendered":"Sic!"},"content":{"rendered":"<p style=\"text-align: center;\">Po uspe\u0161no zaklju\u010denem seminarju (projektu) Gib-telo pod okvirjem KUD Anarhiv, sofinanciranem s strani Mestne ob\u010dine Ljubljana, v letu 2016 nadaljujemo z dopolnjevanjem manka institucionalnega izobra\u017eevanja na podro\u010dju gledali\u0161ke kritike in teorije. Na\u0161 princip temelji na skupinskem branju in vodenem samoizobra\u017eevanju, ki skrbi za celostno vklju\u010denost mladih v celoten potek seminarja. Seminar se dr\u017ei na\u010dela dostopnosti in je za vse udele\u017eence brezpla\u010den. Ker gre za poklicno podro\u010dje, ki temelji na samoiniciativnosti in omre\u017eenosti, je vloga kro\u017eka pri prvih profesionalnih korakih klju\u010dna. Performativne prakse posebej v ljubljanskem kulturnem miljeju kvantitativno kipijo, a opaziti je odsotnost njihove kriti\u010dne refleksije v medijih, saj se prostor za kritiko kr\u010di, ob tem pa najprej izpade ravno eksperimentalna produkcija. <em>Letos bomo ve\u010d pozornosti namenili eksperimentalnim, performativnim in postdramskim gledali\u0161kim praksam in novi pisavi za gledali\u0161\u010de.<\/em><\/p>\n<p style=\"text-align: center;\">Tudi letos bo seminar razdeljen na teoreti\u010dni in prakti\u010dni del. Pri teoreti\u010dnem delu se bomo informirali s teoretskimi izhodi\u0161\u010di in pojmovnim aparatom, ki nam bodo slu\u017eili kot ogrodje za kriti\u0161ko refleksijo. Mapirali bomo genezo performativnih praks zadnjih dvajsetih let s poudarkom na obmo\u010dju MOL, da se bomo la\u017eje orientirali po sodobnih praksah.<br \/>\nPridobljena znanja bomo prakti\u010dno aplicirali. Skupaj bomo obiskovali predstave, se organizirano pogovarjali z ustvarjalci predstav, pripravljali hibridne dogodke (npr. performativno predavanje), pisali recenzije in se poigravali s formami pisanja za gledali\u0161\u010de in o gledali\u0161\u010du. Vnovi\u010d bomo sodelovali z Radiem \u0160tudent, ki bo omogo\u010dal objavo in medijsko vidljivost, hkrati pa potencialno omogo\u010dil vstop na trg dela na podro\u010dju kulturnega novinarstva.<\/p>\n<p style=\"text-align: center;\">Leto\u0161nji izobra\u017eevalni seminar bomo razdelili na ve\u010d sklopov dejavnosti:<br \/>\n1. Bralni kro\u017eek. Za\u010deli bomo z branjem novo izdane knjige Choreographing Problems Bojane Cveji\u0107, Branje bo potekalo na \u0161tirinajst dni (razen julija in avgusta) v Slovenskem gledali\u0161kem in\u0161titutu.<\/p>\n<p style=\"text-align: center;\">2. Pogovori z ustvarjalci\/ predavanja in druge forme. Pribli\u017eno pet javnih dogodkov bo sledilo potrebam in razvoju skupine. Na\u010drtujemo pogovor z ustvarjalci, radijsko oddajo, performativno predavanje itd.<\/p>\n<p style=\"text-align: center;\">3. Ogled in recenziranje predstav. Na\u010drtujemo nekaj javnih kriti\u0161kih objav.<\/p>\n<p style=\"text-align: center;\"><em><strong>Sic! smo:<\/strong><\/em><\/p>\n<p style=\"text-align: center;\"><em>O\u017eji kolektiv<\/em><\/p>\n<p style=\"text-align: center;\">Alja Lobnik<br \/>\nPia Brezav\u0161\u010dek<br \/>\nRobert Bobni\u010d<br \/>\nRok Bozovi\u010dar<\/p>\n<p style=\"text-align: center;\"><img loading=\"lazy\" decoding=\"async\" class=\"aligncenter size-medium wp-image-1235\" src=\"http:\/\/kudanarhiv.org\/wp-content\/uploads\/2016\/02\/index-1-300x169.jpg\" alt=\"index\" width=\"300\" height=\"169\" srcset=\"https:\/\/kudanarhiv.org\/wp-content\/uploads\/2016\/02\/index-1-300x169.jpg 300w, https:\/\/kudanarhiv.org\/wp-content\/uploads\/2016\/02\/index-1-768x432.jpg 768w, https:\/\/kudanarhiv.org\/wp-content\/uploads\/2016\/02\/index-1.jpg 923w\" sizes=\"auto, (max-width: 300px) 100vw, 300px\" \/><\/p>\n<p style=\"text-align: center;\">Se nam \u017eeli\u0161 pridru\u017eiti? Pi\u0161i nam na alja.lobnik(at)gmail.com ali na skratovacital(at)gmail.com<\/p>\n<p style=\"text-align: center;\">Spremlja\u0161 nas lahko tudi na spletni strani KUD Anarhiv ter na Facebook profilu KUD Anarhiv.<\/p>\n","protected":false},"excerpt":{"rendered":"<p>Po uspe\u0161no zaklju\u010denem seminarju (projektu) Gib-telo pod okvirjem KUD Anarhiv, sofinanciranem s strani Mestne ob\u010dine Ljubljana, v letu 2016 nadaljujemo z dopolnjevanjem manka institucionalnega izobra\u017eevanja na podro\u010dju gledali\u0161ke kritike in teorije. Na\u0161 princip temelji na skupinskem branju in vodenem samoizobra\u017eevanju, ki skrbi za celostno vklju\u010denost mladih v celoten potek seminarja. Seminar se dr\u017ei na\u010dela dostopnosti [&hellip;]<\/p>\n","protected":false},"author":2,"featured_media":0,"comment_status":"closed","ping_status":"closed","sticky":false,"template":"","format":"standard","meta":{"footnotes":""},"categories":[3],"tags":[],"class_list":["post-1232","post","type-post","status-publish","format-standard","hentry","category-info"],"_links":{"self":[{"href":"https:\/\/kudanarhiv.org\/index.php?rest_route=\/wp\/v2\/posts\/1232","targetHints":{"allow":["GET"]}}],"collection":[{"href":"https:\/\/kudanarhiv.org\/index.php?rest_route=\/wp\/v2\/posts"}],"about":[{"href":"https:\/\/kudanarhiv.org\/index.php?rest_route=\/wp\/v2\/types\/post"}],"author":[{"embeddable":true,"href":"https:\/\/kudanarhiv.org\/index.php?rest_route=\/wp\/v2\/users\/2"}],"replies":[{"embeddable":true,"href":"https:\/\/kudanarhiv.org\/index.php?rest_route=%2Fwp%2Fv2%2Fcomments&post=1232"}],"version-history":[{"count":3,"href":"https:\/\/kudanarhiv.org\/index.php?rest_route=\/wp\/v2\/posts\/1232\/revisions"}],"predecessor-version":[{"id":1237,"href":"https:\/\/kudanarhiv.org\/index.php?rest_route=\/wp\/v2\/posts\/1232\/revisions\/1237"}],"wp:attachment":[{"href":"https:\/\/kudanarhiv.org\/index.php?rest_route=%2Fwp%2Fv2%2Fmedia&parent=1232"}],"wp:term":[{"taxonomy":"category","embeddable":true,"href":"https:\/\/kudanarhiv.org\/index.php?rest_route=%2Fwp%2Fv2%2Fcategories&post=1232"},{"taxonomy":"post_tag","embeddable":true,"href":"https:\/\/kudanarhiv.org\/index.php?rest_route=%2Fwp%2Fv2%2Ftags&post=1232"}],"curies":[{"name":"wp","href":"https:\/\/api.w.org\/{rel}","templated":true}]}}