{"id":1258,"date":"2016-03-09T19:45:40","date_gmt":"2016-03-09T18:45:40","guid":{"rendered":"http:\/\/kudanarhiv.org\/?p=1258"},"modified":"2016-03-09T19:45:40","modified_gmt":"2016-03-09T18:45:40","slug":"morela-drama-v-enem-dejanju","status":"publish","type":"post","link":"https:\/\/kudanarhiv.org\/?p=1258","title":{"rendered":"Morela: drama v enem dejanju"},"content":{"rendered":"<p style=\"text-align: center;\"><em>Alma \u0160ivec Karlin, ki se nam predstavlja s svojimi likovnimi deli v \u0160kratovi galeriji, se je tokrat podpisala \u0161e pod en projekt. Vljudno vabljeni, da se udele\u017eite ogleda predstave!<\/em><\/p>\n<p style=\"text-align: center;\"><em>Po navdihu del Edgarja Allana<\/em> <em>Poeja.<\/em><\/p>\n<p>Vstopnine ni.<br \/>\nRezervacije vstopnic: Alma Karlin \u0160ivec<\/p>\n<p>Ponedeljek, 21. 3. 2016, 19.00<br \/>\nSlovensko mladinsko gledali\u0161\u010de, zgornja dvorana<\/p>\n<p>Re\u017eija, dramaturgija, kostumografija, scenografija: Alma Karlin \u0160ivec<br \/>\nGlasba in zvo\u010dni u\u010dinki: Pavel Ra\u0161\u010dan<\/p>\n<p>Igrajo<br \/>\nMorela: Julija Klav\u017ear<br \/>\nAnabela: Hana Skitek<br \/>\nMama: Ema Odra Ra\u0161\u010dan<br \/>\nO\u010de: Peter Kr\u017ean<\/p>\n<p>Mentorici: Katja \u010cerne in Mojca Osvald<\/p>\n<p style=\"text-align: center;\"><img loading=\"lazy\" decoding=\"async\" class=\"aligncenter size-medium wp-image-1259\" src=\"http:\/\/kudanarhiv.org\/wp-content\/uploads\/2016\/03\/PLAKATzNapisom-212x300.jpg\" alt=\"PLAKATzNapisom\" width=\"212\" height=\"300\" srcset=\"https:\/\/kudanarhiv.org\/wp-content\/uploads\/2016\/03\/PLAKATzNapisom-212x300.jpg 212w, https:\/\/kudanarhiv.org\/wp-content\/uploads\/2016\/03\/PLAKATzNapisom-768x1086.jpg 768w, https:\/\/kudanarhiv.org\/wp-content\/uploads\/2016\/03\/PLAKATzNapisom-724x1024.jpg 724w\" sizes=\"auto, (max-width: 212px) 100vw, 212px\" \/><\/p>\n","protected":false},"excerpt":{"rendered":"<p>Alma \u0160ivec Karlin, ki se nam predstavlja s svojimi likovnimi deli v \u0160kratovi galeriji, se je tokrat podpisala \u0161e pod en projekt. Vljudno vabljeni, da se udele\u017eite ogleda predstave! Po navdihu del Edgarja Allana Poeja. Vstopnine ni. Rezervacije vstopnic: Alma Karlin \u0160ivec Ponedeljek, 21. 3. 2016, 19.00 Slovensko mladinsko gledali\u0161\u010de, zgornja dvorana Re\u017eija, dramaturgija, kostumografija, [&hellip;]<\/p>\n","protected":false},"author":2,"featured_media":0,"comment_status":"closed","ping_status":"closed","sticky":false,"template":"","format":"standard","meta":{"footnotes":""},"categories":[3],"tags":[],"class_list":["post-1258","post","type-post","status-publish","format-standard","hentry","category-info"],"_links":{"self":[{"href":"https:\/\/kudanarhiv.org\/index.php?rest_route=\/wp\/v2\/posts\/1258","targetHints":{"allow":["GET"]}}],"collection":[{"href":"https:\/\/kudanarhiv.org\/index.php?rest_route=\/wp\/v2\/posts"}],"about":[{"href":"https:\/\/kudanarhiv.org\/index.php?rest_route=\/wp\/v2\/types\/post"}],"author":[{"embeddable":true,"href":"https:\/\/kudanarhiv.org\/index.php?rest_route=\/wp\/v2\/users\/2"}],"replies":[{"embeddable":true,"href":"https:\/\/kudanarhiv.org\/index.php?rest_route=%2Fwp%2Fv2%2Fcomments&post=1258"}],"version-history":[{"count":1,"href":"https:\/\/kudanarhiv.org\/index.php?rest_route=\/wp\/v2\/posts\/1258\/revisions"}],"predecessor-version":[{"id":1260,"href":"https:\/\/kudanarhiv.org\/index.php?rest_route=\/wp\/v2\/posts\/1258\/revisions\/1260"}],"wp:attachment":[{"href":"https:\/\/kudanarhiv.org\/index.php?rest_route=%2Fwp%2Fv2%2Fmedia&parent=1258"}],"wp:term":[{"taxonomy":"category","embeddable":true,"href":"https:\/\/kudanarhiv.org\/index.php?rest_route=%2Fwp%2Fv2%2Fcategories&post=1258"},{"taxonomy":"post_tag","embeddable":true,"href":"https:\/\/kudanarhiv.org\/index.php?rest_route=%2Fwp%2Fv2%2Ftags&post=1258"}],"curies":[{"name":"wp","href":"https:\/\/api.w.org\/{rel}","templated":true}]}}