{"id":1272,"date":"2016-03-28T12:43:10","date_gmt":"2016-03-28T10:43:10","guid":{"rendered":"http:\/\/kudanarhiv.org\/?p=1272"},"modified":"2016-03-28T12:43:10","modified_gmt":"2016-03-28T10:43:10","slug":"povzetek-6-in-7-srecanja-tv-filmskega-kluba","status":"publish","type":"post","link":"https:\/\/kudanarhiv.org\/?p=1272","title":{"rendered":"Povzetek 6. in 7. sre\u010danja TV-filmskega kluba"},"content":{"rendered":"<p style=\"text-align: center;\">Na \u0161estem sre\u010danju TV-filmskega kluba se nam je s \u0161tudijo primera predstavil Dr. Matic Majcen. Na primeru serije Twin Peaks smo si tako ogledali zna\u010dilnosti TV produkcije, premi\u0161ljevali o konceptu avtorstva v okviru televizije, hkrati pa se tudi pogovarjali o vplivih televizije kot medija na \u0161ir\u0161o kulturo.<\/p>\n<p style=\"text-align: center;\"><img loading=\"lazy\" decoding=\"async\" class=\"aligncenter size-medium wp-image-1273\" src=\"http:\/\/kudanarhiv.org\/wp-content\/uploads\/2016\/03\/matc-300x225.jpg\" alt=\"matc\" width=\"300\" height=\"225\" srcset=\"https:\/\/kudanarhiv.org\/wp-content\/uploads\/2016\/03\/matc-300x225.jpg 300w, https:\/\/kudanarhiv.org\/wp-content\/uploads\/2016\/03\/matc.jpg 480w\" sizes=\"auto, (max-width: 300px) 100vw, 300px\" \/><\/p>\n<p style=\"text-align: center;\">6. sre\u010danje je tako nastopalo kot lep uvod v 7. sre\u010danje, na katerem smo si prek znamenitih primerov pogledali relacijo med avtorstvom in televizijo \u0161e pred vzponom t.i. kakovostne oz. kvalitetne televizije.<\/p>\n<p style=\"text-align: center;\"><img loading=\"lazy\" decoding=\"async\" class=\"aligncenter size-medium wp-image-1274\" src=\"http:\/\/kudanarhiv.org\/wp-content\/uploads\/2016\/03\/nina-300x225.jpg\" alt=\"nina\" width=\"300\" height=\"225\" srcset=\"https:\/\/kudanarhiv.org\/wp-content\/uploads\/2016\/03\/nina-300x225.jpg 300w, https:\/\/kudanarhiv.org\/wp-content\/uploads\/2016\/03\/nina.jpg 480w\" sizes=\"auto, (max-width: 300px) 100vw, 300px\" \/><\/p>\n<p style=\"text-align: center;\">Naslednje sre\u010danje bo sklepno sre\u010danje 2015\/2016 sezone. Na njem bomo govorili o prihodnosti televizije v 21. stoletju.<\/p>\n","protected":false},"excerpt":{"rendered":"<p>Na \u0161estem sre\u010danju TV-filmskega kluba se nam je s \u0161tudijo primera predstavil Dr. Matic Majcen. Na primeru serije Twin Peaks smo si tako ogledali zna\u010dilnosti TV produkcije, premi\u0161ljevali o konceptu avtorstva v okviru televizije, hkrati pa se tudi pogovarjali o vplivih televizije kot medija na \u0161ir\u0161o kulturo. 6. sre\u010danje je tako nastopalo kot lep uvod [&hellip;]<\/p>\n","protected":false},"author":2,"featured_media":0,"comment_status":"closed","ping_status":"closed","sticky":false,"template":"","format":"standard","meta":{"footnotes":""},"categories":[3],"tags":[],"class_list":["post-1272","post","type-post","status-publish","format-standard","hentry","category-info"],"_links":{"self":[{"href":"https:\/\/kudanarhiv.org\/index.php?rest_route=\/wp\/v2\/posts\/1272","targetHints":{"allow":["GET"]}}],"collection":[{"href":"https:\/\/kudanarhiv.org\/index.php?rest_route=\/wp\/v2\/posts"}],"about":[{"href":"https:\/\/kudanarhiv.org\/index.php?rest_route=\/wp\/v2\/types\/post"}],"author":[{"embeddable":true,"href":"https:\/\/kudanarhiv.org\/index.php?rest_route=\/wp\/v2\/users\/2"}],"replies":[{"embeddable":true,"href":"https:\/\/kudanarhiv.org\/index.php?rest_route=%2Fwp%2Fv2%2Fcomments&post=1272"}],"version-history":[{"count":1,"href":"https:\/\/kudanarhiv.org\/index.php?rest_route=\/wp\/v2\/posts\/1272\/revisions"}],"predecessor-version":[{"id":1275,"href":"https:\/\/kudanarhiv.org\/index.php?rest_route=\/wp\/v2\/posts\/1272\/revisions\/1275"}],"wp:attachment":[{"href":"https:\/\/kudanarhiv.org\/index.php?rest_route=%2Fwp%2Fv2%2Fmedia&parent=1272"}],"wp:term":[{"taxonomy":"category","embeddable":true,"href":"https:\/\/kudanarhiv.org\/index.php?rest_route=%2Fwp%2Fv2%2Fcategories&post=1272"},{"taxonomy":"post_tag","embeddable":true,"href":"https:\/\/kudanarhiv.org\/index.php?rest_route=%2Fwp%2Fv2%2Ftags&post=1272"}],"curies":[{"name":"wp","href":"https:\/\/api.w.org\/{rel}","templated":true}]}}