{"id":1340,"date":"2016-05-03T13:19:56","date_gmt":"2016-05-03T11:19:56","guid":{"rendered":"http:\/\/kudanarhiv.org\/?p=1340"},"modified":"2016-05-03T13:29:00","modified_gmt":"2016-05-03T11:29:00","slug":"zakljucek-tv-filmskega-kluba-sezona-20152016","status":"publish","type":"post","link":"https:\/\/kudanarhiv.org\/?p=1340","title":{"rendered":"Zaklju\u010dek TV-filmskega kluba: sezona 2015\/2016"},"content":{"rendered":"<p style=\"text-align: center;\">25.4.2016 smo v Knji\u017enici \u0160i\u0161ka sklenili leto\u0161njo sezono TV-filmskega kluba, ki se je posve\u010dal \u0161tudijam televizije.<\/p>\n<p style=\"text-align: center;\"><img loading=\"lazy\" decoding=\"async\" class=\"aligncenter size-medium wp-image-1341\" src=\"http:\/\/kudanarhiv.org\/wp-content\/uploads\/2016\/05\/20160425_180821-300x225.jpg\" alt=\"20160425_180821\" width=\"300\" height=\"225\" srcset=\"https:\/\/kudanarhiv.org\/wp-content\/uploads\/2016\/05\/20160425_180821-300x225.jpg 300w, https:\/\/kudanarhiv.org\/wp-content\/uploads\/2016\/05\/20160425_180821-768x576.jpg 768w, https:\/\/kudanarhiv.org\/wp-content\/uploads\/2016\/05\/20160425_180821-1024x768.jpg 1024w\" sizes=\"auto, (max-width: 300px) 100vw, 300px\" \/><\/p>\n<p style=\"text-align: center;\">Serial je zasnovala Nina Cvar, ki je predavanja tudi pripravljala in izvajala. Tudi v sezoni 2015\/2016 ni \u0161lo brez uglednih gostov. Februarsko predavanje je tako re\u017eiral dr. Matic Majcen, ki je v ospredje postavil kultno serijo Twin Peaks.<\/p>\n<p style=\"text-align: center;\">TV-filmski klub je sistemati\u010dno osvetljeval izjemno zanimiv fenomen televizije oz. televizijskih \u0161tudij, v dana\u0161njem \u010dasu sicer izjemno priljubljenega raziskovalnega podro\u010dja. Sre\u010danja so minevala v znamenju kriti\u010dnih analiz televizije kot kulturnega oz. \u0161ir\u0161ega dru\u017ebeno-politi\u010dnega\u00a0fenomena, veliko pozornosti pa se je namenilo tudi t.i. kakovostni oz. kvalitetni televiziji, premisleku o konceptu avtorja v okviru t.i. televizijskega reprezentativnega re\u017eima, tehnologiji, ostali pa nismo dol\u017eni niti osvetlitvi vloge t.i. pravnih okvirov, ki so izjemno pomembni za prihodnost javne televizije, ne nazadnje pa tudi za t.i. novo zlato dobo televizije, ki se povezuje z razvojem interneta.<\/p>\n<p style=\"text-align: center;\">\u010cetudi se je serial z aprilom zaklju\u010dil, bomo kmalu objavili delovno gradivo, ki bo povzelo vseh osem sre\u010danj.<\/p>\n<p style=\"text-align: center;\"><em>Kaj pa plani za prihodnost?<\/em> V sezoni 2016\/2017 se ponovno vra\u010damo na &#8220;kraj filma&#8221;, natan\u010dneje k <em>filmskim \u0161tudijam.<\/em> Natan\u010den program za novo sezono bomo objavili kmalu.<\/p>\n<h6 style=\"text-align: center;\">TV-filmski klub sta sofinancirala Mestna ob\u010dina Ljubljana in Mestna knji\u017enica Ljubljana (enota \u0160i\u0161ka), odvijal pa se je v okviru triletnega programa \u0160kratova \u010ditalnica.<\/h6>\n","protected":false},"excerpt":{"rendered":"<p>25.4.2016 smo v Knji\u017enici \u0160i\u0161ka sklenili leto\u0161njo sezono TV-filmskega kluba, ki se je posve\u010dal \u0161tudijam televizije. Serial je zasnovala Nina Cvar, ki je predavanja tudi pripravljala in izvajala. Tudi v sezoni 2015\/2016 ni \u0161lo brez uglednih gostov. Februarsko predavanje je tako re\u017eiral dr. Matic Majcen, ki je v ospredje postavil kultno serijo Twin Peaks. TV-filmski [&hellip;]<\/p>\n","protected":false},"author":2,"featured_media":0,"comment_status":"closed","ping_status":"closed","sticky":false,"template":"","format":"standard","meta":{"footnotes":""},"categories":[3],"tags":[],"class_list":["post-1340","post","type-post","status-publish","format-standard","hentry","category-info"],"_links":{"self":[{"href":"https:\/\/kudanarhiv.org\/index.php?rest_route=\/wp\/v2\/posts\/1340","targetHints":{"allow":["GET"]}}],"collection":[{"href":"https:\/\/kudanarhiv.org\/index.php?rest_route=\/wp\/v2\/posts"}],"about":[{"href":"https:\/\/kudanarhiv.org\/index.php?rest_route=\/wp\/v2\/types\/post"}],"author":[{"embeddable":true,"href":"https:\/\/kudanarhiv.org\/index.php?rest_route=\/wp\/v2\/users\/2"}],"replies":[{"embeddable":true,"href":"https:\/\/kudanarhiv.org\/index.php?rest_route=%2Fwp%2Fv2%2Fcomments&post=1340"}],"version-history":[{"count":6,"href":"https:\/\/kudanarhiv.org\/index.php?rest_route=\/wp\/v2\/posts\/1340\/revisions"}],"predecessor-version":[{"id":1347,"href":"https:\/\/kudanarhiv.org\/index.php?rest_route=\/wp\/v2\/posts\/1340\/revisions\/1347"}],"wp:attachment":[{"href":"https:\/\/kudanarhiv.org\/index.php?rest_route=%2Fwp%2Fv2%2Fmedia&parent=1340"}],"wp:term":[{"taxonomy":"category","embeddable":true,"href":"https:\/\/kudanarhiv.org\/index.php?rest_route=%2Fwp%2Fv2%2Fcategories&post=1340"},{"taxonomy":"post_tag","embeddable":true,"href":"https:\/\/kudanarhiv.org\/index.php?rest_route=%2Fwp%2Fv2%2Ftags&post=1340"}],"curies":[{"name":"wp","href":"https:\/\/api.w.org\/{rel}","templated":true}]}}