{"id":1352,"date":"2016-05-07T18:48:10","date_gmt":"2016-05-07T16:48:10","guid":{"rendered":"http:\/\/kudanarhiv.org\/?p=1352"},"modified":"2016-06-07T13:21:42","modified_gmt":"2016-06-07T11:21:42","slug":"5-afriski-literarni-krozek-tri-mocne-zenske-8-6-2016-ob-18-00","status":"publish","type":"post","link":"https:\/\/kudanarhiv.org\/?p=1352","title":{"rendered":"5. Afri\u0161ki literarni kro\u017eek: Tri mo\u010dne \u017eenske, 15.6.2016, ob 19.00"},"content":{"rendered":"<div style=\"text-align: center;\">\u010ce smo na drugem sre\u010danju na\u0161ega kro\u017eka brali roman pionirke senegalske proze Mariame\u00a0B\u00e2, bomo na petem sre\u010danju posegli po romanu njene sodobnice <b>Marie NDiaye<\/b>.<\/div>\n<div style=\"text-align: center;\"><em>NDiaye<\/em> je francoska pisateljica senegalskih korenin (rojena l. 1967). Odra\u0161\u010dala je v predmestju Pariza in \u017ee pri 18. izdala svoj prvi roman. Pi\u0161e dramske igre, kratke zgodbe ter romane.<\/div>\n<div style=\"text-align: center;\">Za roman <i>Tri mo\u010dne \u017eenske<\/i>, ki ga bomo prebirali, je leta 2009 prejela presti\u017eno francosko literarno nagrado <em>Prix Goncourt<\/em>.<\/div>\n<div style=\"text-align: center;\">V romanu prek treh ohlapno povezanih pripovednih linij s tremi razli\u010dnimi protagonistkami naslavlja psiholo\u0161ke razse\u017enosti migracije na ve\u010d prostorskih koordinatah nekje med Senegalom in Francijo.<\/div>\n<div style=\"text-align: center;\"><span style=\"color: #252525; font-family: sans-serif;\">Po prejetju nagrade <em>Prix Goncourt<\/em> je \u010dlan francoskega parlamenta, ko je v intervjuju z avtorico prebral, da je le-ta ozna\u010dila Sarkozyja in njegovo migrantsko politiko za &#8220;po\u0161astno&#8221; v odprtem pismu naslovljenem na kulturno ministrstvo zahteval, da morajo nagrajenci tak\u0161nih nagrad &#8220;spo\u0161tovati narodno povezanost in podobo njihove dr\u017eave&#8221;, s \u010dimer je bilo od <em>NDiaye<\/em> zahtevano nekaj, \u010desar se od belega mo\u0161kega pisatelja ne bi nikoli pri\u010dakovalo. <em>NDiaye<\/em> se je kasneje, prav zaradi velikega nestrinjanja s francosko politiko, z dru\u017eino preselila v Berlin.<\/span><\/div>\n<div style=\"text-align: center;\"><\/div>\n<div style=\"text-align: center;\"><\/div>\n<div style=\"text-align: center;\"><img loading=\"lazy\" decoding=\"async\" class=\"aligncenter size-medium wp-image-1353\" src=\"http:\/\/kudanarhiv.org\/wp-content\/uploads\/2016\/05\/0812-Eberstadt2-jumbo-300x230.jpg\" alt=\"0812-Eberstadt2-jumbo\" width=\"300\" height=\"230\" srcset=\"https:\/\/kudanarhiv.org\/wp-content\/uploads\/2016\/05\/0812-Eberstadt2-jumbo-300x230.jpg 300w, https:\/\/kudanarhiv.org\/wp-content\/uploads\/2016\/05\/0812-Eberstadt2-jumbo-768x589.jpg 768w, https:\/\/kudanarhiv.org\/wp-content\/uploads\/2016\/05\/0812-Eberstadt2-jumbo.jpg 1024w\" sizes=\"auto, (max-width: 300px) 100vw, 300px\" \/><\/div>\n<div style=\"text-align: center;\"><span style=\"color: #252525; font-family: sans-serif;\">\u00a0<\/span><\/div>\n<div style=\"text-align: center;\"><span style=\"color: #252525; font-family: sans-serif;\">Naslednji\u010d se snidemo v sredo, <em><strong>15<\/strong><strong><em>.<\/em>6. ob 19h\u00a0<\/strong><\/em>v\u00a0<em><strong>\u0160kratovi \u010ditalnici<\/strong><\/em>, roman <i>Tri mo\u010dne \u017eenske<\/i> pa si lahko preberete v prevodu Suzane Koncut (Modrijan, 2011).<\/span><\/div>\n<div style=\"text-align: center;\"><\/div>\n<div style=\"text-align: center;\"><span style=\"color: #252525; font-family: sans-serif;\">\u00a0<\/span><\/div>\n<div style=\"text-align: center;\"><em><span style=\"color: #252525; font-family: sans-serif;\">Prijetno branje in se vidimo v juniju!<\/span><\/em><\/div>\n<div style=\"text-align: center;\"><\/div>\n<div style=\"text-align: center;\">Ob tem vas \u0161e vabimo, da nas spremljate na FB (\u0160kratova \u010ditalnica-Kud Anarhiv), lahko pa se na skratovacital(at)gmail.com prijavite tudi za google listo, ki je namenjena kro\u017eku.<\/div>\n<div style=\"text-align: center;\"><\/div>\n<div style=\"text-align: center;\"><\/div>\n<h6 style=\"text-align: center;\">Kro\u017eek vodita in moderirata Petra Meterc in Anu\u0161a Pisanec, odvija pa se v okviru triletnega programa \u0160kratova \u010ditalnica, ki ga sofinancira Mestna ob\u010dina Ljubljana.<\/h6>\n<div style=\"text-align: center;\"><\/div>\n","protected":false},"excerpt":{"rendered":"<p>\u010ce smo na drugem sre\u010danju na\u0161ega kro\u017eka brali roman pionirke senegalske proze Mariame\u00a0B\u00e2, bomo na petem sre\u010danju posegli po romanu njene sodobnice Marie NDiaye. NDiaye je francoska pisateljica senegalskih korenin (rojena l. 1967). Odra\u0161\u010dala je v predmestju Pariza in \u017ee pri 18. izdala svoj prvi roman. Pi\u0161e dramske igre, kratke zgodbe ter romane. Za roman [&hellip;]<\/p>\n","protected":false},"author":2,"featured_media":0,"comment_status":"closed","ping_status":"closed","sticky":false,"template":"","format":"standard","meta":{"footnotes":""},"categories":[3],"tags":[],"class_list":["post-1352","post","type-post","status-publish","format-standard","hentry","category-info"],"_links":{"self":[{"href":"https:\/\/kudanarhiv.org\/index.php?rest_route=\/wp\/v2\/posts\/1352","targetHints":{"allow":["GET"]}}],"collection":[{"href":"https:\/\/kudanarhiv.org\/index.php?rest_route=\/wp\/v2\/posts"}],"about":[{"href":"https:\/\/kudanarhiv.org\/index.php?rest_route=\/wp\/v2\/types\/post"}],"author":[{"embeddable":true,"href":"https:\/\/kudanarhiv.org\/index.php?rest_route=\/wp\/v2\/users\/2"}],"replies":[{"embeddable":true,"href":"https:\/\/kudanarhiv.org\/index.php?rest_route=%2Fwp%2Fv2%2Fcomments&post=1352"}],"version-history":[{"count":4,"href":"https:\/\/kudanarhiv.org\/index.php?rest_route=\/wp\/v2\/posts\/1352\/revisions"}],"predecessor-version":[{"id":1400,"href":"https:\/\/kudanarhiv.org\/index.php?rest_route=\/wp\/v2\/posts\/1352\/revisions\/1400"}],"wp:attachment":[{"href":"https:\/\/kudanarhiv.org\/index.php?rest_route=%2Fwp%2Fv2%2Fmedia&parent=1352"}],"wp:term":[{"taxonomy":"category","embeddable":true,"href":"https:\/\/kudanarhiv.org\/index.php?rest_route=%2Fwp%2Fv2%2Fcategories&post=1352"},{"taxonomy":"post_tag","embeddable":true,"href":"https:\/\/kudanarhiv.org\/index.php?rest_route=%2Fwp%2Fv2%2Ftags&post=1352"}],"curies":[{"name":"wp","href":"https:\/\/api.w.org\/{rel}","templated":true}]}}