{"id":1397,"date":"2016-06-07T13:21:03","date_gmt":"2016-06-07T11:21:03","guid":{"rendered":"http:\/\/kudanarhiv.org\/?p=1397"},"modified":"2016-06-07T13:22:59","modified_gmt":"2016-06-07T11:22:59","slug":"20-ura-francoskega-krozka","status":"publish","type":"post","link":"https:\/\/kudanarhiv.org\/?p=1397","title":{"rendered":"20. ura Francoskega kro\u017eka"},"content":{"rendered":"<p style=\"text-align: center;\">Na \u017ee kar dvajseti uri franco\u0161\u010dine smo obdelovali vaje iz\u00a0doma\u010de naloge, v kateri je bilo treba uporabljati preteklik in nau\u010dene pretekle dele\u017enike.<\/p>\n<p style=\"text-align: center;\">Tako smo \u0161e ne le obnovili, temve\u010d tudi poglobili snov prej\u0161nje ure. Nadaljevali smo z novim sklopom glagolov, ki se v pretekliku kon\u010dajo na [i], kot na primer &#8220;j&#8217;ai pris, j&#8217;ai compris, j&#8217;ai appris&#8221;. S pomo\u010djo dvogovorov sva ponovili tudi modalne glagole ter negacijo. Na uri ni manjkalo slu\u0161nega razumevanja, zaklju\u010dili pa smo z branjem kratkih odstavkov v franco\u0161\u010dini. Vse to v duhu preteklika. \ud83d\ude42<\/p>\n<p style=\"text-align: center;\">V torek, z dne 7.6. 2016, se ne vidimo. Bomo pa skupaj kar cel prihajajo\u010di se vikend, saj si bomo vzeli \u00a0po ve\u010d ur za na\u0161 kro\u017eek.<\/p>\n<p style=\"text-align: center;\">Poro\u010dilce je pripravila Aicha.<\/p>\n<p style=\"text-align: center;\"><img loading=\"lazy\" decoding=\"async\" class=\"aligncenter size-medium wp-image-1398\" src=\"http:\/\/kudanarhiv.org\/wp-content\/uploads\/2016\/06\/jai-compris-300x300.jpg\" alt=\"j'ai compris\" width=\"300\" height=\"300\" srcset=\"https:\/\/kudanarhiv.org\/wp-content\/uploads\/2016\/06\/jai-compris-300x300.jpg 300w, https:\/\/kudanarhiv.org\/wp-content\/uploads\/2016\/06\/jai-compris-150x150.jpg 150w, https:\/\/kudanarhiv.org\/wp-content\/uploads\/2016\/06\/jai-compris.jpg 600w\" sizes=\"auto, (max-width: 300px) 100vw, 300px\" \/><\/p>\n<h6 style=\"text-align: center;\">Kro\u017eek sofinancira MOL.<\/h6>\n","protected":false},"excerpt":{"rendered":"<p>Na \u017ee kar dvajseti uri franco\u0161\u010dine smo obdelovali vaje iz\u00a0doma\u010de naloge, v kateri je bilo treba uporabljati preteklik in nau\u010dene pretekle dele\u017enike. Tako smo \u0161e ne le obnovili, temve\u010d tudi poglobili snov prej\u0161nje ure. Nadaljevali smo z novim sklopom glagolov, ki se v pretekliku kon\u010dajo na [i], kot na primer &#8220;j&#8217;ai pris, j&#8217;ai compris, j&#8217;ai [&hellip;]<\/p>\n","protected":false},"author":2,"featured_media":0,"comment_status":"closed","ping_status":"closed","sticky":false,"template":"","format":"standard","meta":{"footnotes":""},"categories":[3],"tags":[],"class_list":["post-1397","post","type-post","status-publish","format-standard","hentry","category-info"],"_links":{"self":[{"href":"https:\/\/kudanarhiv.org\/index.php?rest_route=\/wp\/v2\/posts\/1397","targetHints":{"allow":["GET"]}}],"collection":[{"href":"https:\/\/kudanarhiv.org\/index.php?rest_route=\/wp\/v2\/posts"}],"about":[{"href":"https:\/\/kudanarhiv.org\/index.php?rest_route=\/wp\/v2\/types\/post"}],"author":[{"embeddable":true,"href":"https:\/\/kudanarhiv.org\/index.php?rest_route=\/wp\/v2\/users\/2"}],"replies":[{"embeddable":true,"href":"https:\/\/kudanarhiv.org\/index.php?rest_route=%2Fwp%2Fv2%2Fcomments&post=1397"}],"version-history":[{"count":2,"href":"https:\/\/kudanarhiv.org\/index.php?rest_route=\/wp\/v2\/posts\/1397\/revisions"}],"predecessor-version":[{"id":1401,"href":"https:\/\/kudanarhiv.org\/index.php?rest_route=\/wp\/v2\/posts\/1397\/revisions\/1401"}],"wp:attachment":[{"href":"https:\/\/kudanarhiv.org\/index.php?rest_route=%2Fwp%2Fv2%2Fmedia&parent=1397"}],"wp:term":[{"taxonomy":"category","embeddable":true,"href":"https:\/\/kudanarhiv.org\/index.php?rest_route=%2Fwp%2Fv2%2Fcategories&post=1397"},{"taxonomy":"post_tag","embeddable":true,"href":"https:\/\/kudanarhiv.org\/index.php?rest_route=%2Fwp%2Fv2%2Ftags&post=1397"}],"curies":[{"name":"wp","href":"https:\/\/api.w.org\/{rel}","templated":true}]}}