{"id":1403,"date":"2016-06-15T12:50:30","date_gmt":"2016-06-15T10:50:30","guid":{"rendered":"http:\/\/kudanarhiv.org\/?p=1403"},"modified":"2016-07-26T16:11:52","modified_gmt":"2016-07-26T14:11:52","slug":"napoved-novega-cikla-od-podobe-do-besede","status":"publish","type":"post","link":"https:\/\/kudanarhiv.org\/?p=1403","title":{"rendered":"Napoved novega cikla: Od podobe do besede"},"content":{"rendered":"<p style=\"text-align: center;\">27.6. 2016, ob 17.30, vljudno vabljeni v \u0160KUC, na prvo od dveh mladinskih delavnic, ki se bosta zvrstili v okviru cikla <span style=\"color: #ff0000;\"><strong><a style=\"color: #ff0000;\" href=\"http:\/\/kudanarhiv.org\/odpodobedobesede\/\"><em>Od podobe do besede<\/em><\/a>.<\/strong><\/span>\u00a0Druga delavnica pa se bo izvedla 4.7.2016, \u00a0prav tako ob 17.30, v \u0160KUC.<\/p>\n<p style=\"text-align: center;\">Ve\u010d o samem dogodku lahko preberete <strong><a href=\"http:\/\/kudanarhiv.org\/odpodobedobesede\/urnik\/27-6-2016-ob-17-30-skuc-odznamci-se-s-podobo-in-besedo\/\">TUKAJ<\/a>.<\/strong><\/p>\n<p style=\"text-align: center;\">Za mladino, staro nad 15 let, veseli pa bomo tudi mladih po srcu. Za simboli\u010dne prigrizke in pija\u010do bo poskrbljeno.<\/p>\n<p style=\"text-align: center;\">Pohitite s prijavami, saj je \u0161tevilo mest OMEJENO, udele\u017eba pa brezpla\u010dna.<\/p>\n<p style=\"text-align: center;\"><img loading=\"lazy\" decoding=\"async\" class=\"aligncenter size-medium wp-image-1406\" src=\"http:\/\/kudanarhiv.org\/wp-content\/uploads\/2016\/06\/unnamed-300x225.png\" alt=\"unnamed\" width=\"300\" height=\"225\" srcset=\"https:\/\/kudanarhiv.org\/wp-content\/uploads\/2016\/06\/unnamed-300x225.png 300w, https:\/\/kudanarhiv.org\/wp-content\/uploads\/2016\/06\/unnamed.png 650w\" sizes=\"auto, (max-width: 300px) 100vw, 300px\" \/><\/p>\n","protected":false},"excerpt":{"rendered":"<p>27.6. 2016, ob 17.30, vljudno vabljeni v \u0160KUC, na prvo od dveh mladinskih delavnic, ki se bosta zvrstili v okviru cikla Od podobe do besede.\u00a0Druga delavnica pa se bo izvedla 4.7.2016, \u00a0prav tako ob 17.30, v \u0160KUC. Ve\u010d o samem dogodku lahko preberete TUKAJ. Za mladino, staro nad 15 let, veseli pa bomo tudi mladih [&hellip;]<\/p>\n","protected":false},"author":2,"featured_media":0,"comment_status":"closed","ping_status":"closed","sticky":false,"template":"","format":"standard","meta":{"footnotes":""},"categories":[3],"tags":[],"class_list":["post-1403","post","type-post","status-publish","format-standard","hentry","category-info"],"_links":{"self":[{"href":"https:\/\/kudanarhiv.org\/index.php?rest_route=\/wp\/v2\/posts\/1403","targetHints":{"allow":["GET"]}}],"collection":[{"href":"https:\/\/kudanarhiv.org\/index.php?rest_route=\/wp\/v2\/posts"}],"about":[{"href":"https:\/\/kudanarhiv.org\/index.php?rest_route=\/wp\/v2\/types\/post"}],"author":[{"embeddable":true,"href":"https:\/\/kudanarhiv.org\/index.php?rest_route=\/wp\/v2\/users\/2"}],"replies":[{"embeddable":true,"href":"https:\/\/kudanarhiv.org\/index.php?rest_route=%2Fwp%2Fv2%2Fcomments&post=1403"}],"version-history":[{"count":2,"href":"https:\/\/kudanarhiv.org\/index.php?rest_route=\/wp\/v2\/posts\/1403\/revisions"}],"predecessor-version":[{"id":1409,"href":"https:\/\/kudanarhiv.org\/index.php?rest_route=\/wp\/v2\/posts\/1403\/revisions\/1409"}],"wp:attachment":[{"href":"https:\/\/kudanarhiv.org\/index.php?rest_route=%2Fwp%2Fv2%2Fmedia&parent=1403"}],"wp:term":[{"taxonomy":"category","embeddable":true,"href":"https:\/\/kudanarhiv.org\/index.php?rest_route=%2Fwp%2Fv2%2Fcategories&post=1403"},{"taxonomy":"post_tag","embeddable":true,"href":"https:\/\/kudanarhiv.org\/index.php?rest_route=%2Fwp%2Fv2%2Ftags&post=1403"}],"curies":[{"name":"wp","href":"https:\/\/api.w.org\/{rel}","templated":true}]}}