{"id":1422,"date":"2016-09-04T21:27:06","date_gmt":"2016-09-04T19:27:06","guid":{"rendered":"http:\/\/kudanarhiv.org\/?p=1422"},"modified":"2016-09-04T21:27:06","modified_gmt":"2016-09-04T19:27:06","slug":"velika-konferenca-odrast-in-nasi-skratki","status":"publish","type":"post","link":"https:\/\/kudanarhiv.org\/?p=1422","title":{"rendered":"Velika konferenca Odrast in na\u0161i \u0161kratki"},"content":{"rendered":"<p style=\"text-align: center;\">Na\u0161i \u0161kratki so pretekle dni na <a href=\"http:\/\/budapest.degrowth.org\/?page_id=600\">konferenci o Odrasti v Budimpe\u0161ti<\/a> v izjemni mednarodni zasedbi osmi\u0161ljali sistemske alternative &#8216;dru\u017ebi rasti&#8217;.<\/p>\n<p style=\"text-align: center;\"><a href=\"http:\/\/budapest.degrowth.org\/?page_id=18\">Odrast<\/a> je razvijajo\u010di se miselni okvir v akademskem, politi\u010dnem in javnem prostoru, ki razblinja mit, da je gospodarska rast osrednja in edina re\u0161itev za medsebojno povezane dru\u017ebene in okoljske krize. S tem jih naslavlja v samem njihovem \u00a0sistemskem sredi\u0161\u010du ter posku\u0161a zgraditi demokrati\u010dne poti k dru\u017ebeni in okoljski pravi\u010dnosti, blaginji, smiselnemu in sre\u010dnemu \u017eivljenju, opolnomo\u010ditvi in avtonomiji.<\/p>\n<p style=\"text-align: center;\">Poro\u010dilo je pripravil Rok Kranjc, ki se je konference tudi udele\u017eil.<\/p>\n<p style=\"text-align: center;\"><img loading=\"lazy\" decoding=\"async\" class=\"aligncenter size-medium wp-image-1423\" src=\"http:\/\/kudanarhiv.org\/wp-content\/uploads\/2016\/09\/20160830_165338-300x169.jpg\" alt=\"20160830_165338\" width=\"300\" height=\"169\" srcset=\"https:\/\/kudanarhiv.org\/wp-content\/uploads\/2016\/09\/20160830_165338-300x169.jpg 300w, https:\/\/kudanarhiv.org\/wp-content\/uploads\/2016\/09\/20160830_165338-768x432.jpg 768w, https:\/\/kudanarhiv.org\/wp-content\/uploads\/2016\/09\/20160830_165338-1024x576.jpg 1024w, https:\/\/kudanarhiv.org\/wp-content\/uploads\/2016\/09\/20160830_165338.jpg 1280w\" sizes=\"auto, (max-width: 300px) 100vw, 300px\" \/><\/p>\n<p style=\"text-align: center;\"><img loading=\"lazy\" decoding=\"async\" class=\"aligncenter size-medium wp-image-1425\" src=\"http:\/\/kudanarhiv.org\/wp-content\/uploads\/2016\/09\/20160901_121331-300x169.jpg\" alt=\"20160901_121331\" width=\"300\" height=\"169\" srcset=\"https:\/\/kudanarhiv.org\/wp-content\/uploads\/2016\/09\/20160901_121331-300x169.jpg 300w, https:\/\/kudanarhiv.org\/wp-content\/uploads\/2016\/09\/20160901_121331-768x432.jpg 768w, https:\/\/kudanarhiv.org\/wp-content\/uploads\/2016\/09\/20160901_121331-1024x576.jpg 1024w, https:\/\/kudanarhiv.org\/wp-content\/uploads\/2016\/09\/20160901_121331.jpg 1280w\" sizes=\"auto, (max-width: 300px) 100vw, 300px\" \/><\/p>\n<p style=\"text-align: center;\"><img loading=\"lazy\" decoding=\"async\" class=\"aligncenter size-medium wp-image-1426\" src=\"http:\/\/kudanarhiv.org\/wp-content\/uploads\/2016\/09\/20160902_165601-300x169.jpg\" alt=\"20160902_165601\" width=\"300\" height=\"169\" srcset=\"https:\/\/kudanarhiv.org\/wp-content\/uploads\/2016\/09\/20160902_165601-300x169.jpg 300w, https:\/\/kudanarhiv.org\/wp-content\/uploads\/2016\/09\/20160902_165601-768x432.jpg 768w, https:\/\/kudanarhiv.org\/wp-content\/uploads\/2016\/09\/20160902_165601-1024x576.jpg 1024w, https:\/\/kudanarhiv.org\/wp-content\/uploads\/2016\/09\/20160902_165601.jpg 1280w\" sizes=\"auto, (max-width: 300px) 100vw, 300px\" \/><\/p>\n<p style=\"text-align: center;\"><img loading=\"lazy\" decoding=\"async\" class=\"aligncenter size-medium wp-image-1427\" src=\"http:\/\/kudanarhiv.org\/wp-content\/uploads\/2016\/09\/20160830_175045-300x169.jpg\" alt=\"20160830_175045\" width=\"300\" height=\"169\" srcset=\"https:\/\/kudanarhiv.org\/wp-content\/uploads\/2016\/09\/20160830_175045-300x169.jpg 300w, https:\/\/kudanarhiv.org\/wp-content\/uploads\/2016\/09\/20160830_175045-768x432.jpg 768w, https:\/\/kudanarhiv.org\/wp-content\/uploads\/2016\/09\/20160830_175045-1024x576.jpg 1024w, https:\/\/kudanarhiv.org\/wp-content\/uploads\/2016\/09\/20160830_175045.jpg 1280w\" sizes=\"auto, (max-width: 300px) 100vw, 300px\" \/><\/p>\n","protected":false},"excerpt":{"rendered":"<p>Na\u0161i \u0161kratki so pretekle dni na konferenci o Odrasti v Budimpe\u0161ti v izjemni mednarodni zasedbi osmi\u0161ljali sistemske alternative &#8216;dru\u017ebi rasti&#8217;. Odrast je razvijajo\u010di se miselni okvir v akademskem, politi\u010dnem in javnem prostoru, ki razblinja mit, da je gospodarska rast osrednja in edina re\u0161itev za medsebojno povezane dru\u017ebene in okoljske krize. S tem jih naslavlja v [&hellip;]<\/p>\n","protected":false},"author":2,"featured_media":0,"comment_status":"closed","ping_status":"closed","sticky":false,"template":"","format":"standard","meta":{"footnotes":""},"categories":[3],"tags":[],"class_list":["post-1422","post","type-post","status-publish","format-standard","hentry","category-info"],"_links":{"self":[{"href":"https:\/\/kudanarhiv.org\/index.php?rest_route=\/wp\/v2\/posts\/1422","targetHints":{"allow":["GET"]}}],"collection":[{"href":"https:\/\/kudanarhiv.org\/index.php?rest_route=\/wp\/v2\/posts"}],"about":[{"href":"https:\/\/kudanarhiv.org\/index.php?rest_route=\/wp\/v2\/types\/post"}],"author":[{"embeddable":true,"href":"https:\/\/kudanarhiv.org\/index.php?rest_route=\/wp\/v2\/users\/2"}],"replies":[{"embeddable":true,"href":"https:\/\/kudanarhiv.org\/index.php?rest_route=%2Fwp%2Fv2%2Fcomments&post=1422"}],"version-history":[{"count":1,"href":"https:\/\/kudanarhiv.org\/index.php?rest_route=\/wp\/v2\/posts\/1422\/revisions"}],"predecessor-version":[{"id":1428,"href":"https:\/\/kudanarhiv.org\/index.php?rest_route=\/wp\/v2\/posts\/1422\/revisions\/1428"}],"wp:attachment":[{"href":"https:\/\/kudanarhiv.org\/index.php?rest_route=%2Fwp%2Fv2%2Fmedia&parent=1422"}],"wp:term":[{"taxonomy":"category","embeddable":true,"href":"https:\/\/kudanarhiv.org\/index.php?rest_route=%2Fwp%2Fv2%2Fcategories&post=1422"},{"taxonomy":"post_tag","embeddable":true,"href":"https:\/\/kudanarhiv.org\/index.php?rest_route=%2Fwp%2Fv2%2Ftags&post=1422"}],"curies":[{"name":"wp","href":"https:\/\/api.w.org\/{rel}","templated":true}]}}