{"id":1452,"date":"2016-10-08T01:09:15","date_gmt":"2016-10-07T23:09:15","guid":{"rendered":"http:\/\/kudanarhiv.org\/?p=1452"},"modified":"2016-10-08T01:10:06","modified_gmt":"2016-10-07T23:10:06","slug":"od-podobe-do-besede-kaj-pa-slovenski-film-in-v-njem-vse-mojce","status":"publish","type":"post","link":"https:\/\/kudanarhiv.org\/?p=1452","title":{"rendered":"Od podobe do besede: Kaj pa slovenski film in v njem vse Mojce?"},"content":{"rendered":"<p style=\"text-align: center;\">Kaj pa slovenski film in v njem vse Mojce?<\/p>\n<p style=\"text-align: center;\">Trubarjeva hi\u0161a literature: 10.10.2016, ob 20.00<\/p>\n<p style=\"text-align: center;\">Na drugem sre\u010danju cikla Od podobe do besede bomo v dru\u017ebi Ur\u0161e Menart, re\u017eiserke mlaj\u0161e generacije, ki je za svoj celove\u010derni dokumentarni film Kaj pa Mojca? na 17. Festivalu slovenskega filma prejela nagrado Art kino mre\u017ee Slovenije, in Anje Banko, kriti\u010darke mlaj\u0161e generacije, ugotavljali, kako na slovenski film gleda generacija, ki je odra\u0161\u010dala v devetdesetih letih, danes pa v filmu tudi profesionalne deluje. Poleg omenjenega premisleka bo pogovor prav posebno pozornost namenil tudi vlogi \u017eensk v slovenskem filmu.<br \/>\nPogovor bo moderirala Nina Cvar, filmska kriti\u010darka in publicistka.<\/p>\n<p style=\"text-align: center;\">Ur\u0161a Menart: Rojena leta 1985 v Ljubljani. V letu 2010 diplomirala iz filmske in televizijske re\u017eije na Akademiji za gledali\u0161\u010de, radio, film in televizijo v Ljubljani. Trenutno samozaposlena v kulturi kot re\u017eiserka in scenaristka. Zbrana filmografija:<\/p>\n<p style=\"text-align: center;\">Kaj pa Mojca? (What about Mojca?), celove\u010derni dokumentarni film, 2014<br \/>\nNo\u010dno \u017eivljenje (Nightlife), celove\u010derni igrani film, 2016 (pomo\u010dnica re\u017eije, sodelavka pri scenariju)<br \/>\nNeko\u010d je bila de\u017eela pridnih (There Once Was a Land of Hardworking People), celove\u010derni dokumentarni film, 2012<\/p>\n<p style=\"text-align: center;\">Anja Banko: Rojena leta 1992 v Ljubljani. Filmska kriti\u010darka, ki aktivno sodeluje z Radiem \u0160tudent. Pi\u0161e za Kino!, Ekran, Kinote\u010dnik. Sodeluje v filmskokriti\u0161kih delavnicah Ostrenje pogleda revije Kino!.<\/p>\n<p style=\"text-align: center;\"><img loading=\"lazy\" decoding=\"async\" class=\"aligncenter size-medium wp-image-1453\" src=\"http:\/\/kudanarhiv.org\/wp-content\/uploads\/2016\/10\/vabilo_kaj_pa_vse_mojce-1-300x169.png\" alt=\"vabilo_kaj_pa_vse_mojce-1\" width=\"300\" height=\"169\" srcset=\"https:\/\/kudanarhiv.org\/wp-content\/uploads\/2016\/10\/vabilo_kaj_pa_vse_mojce-1-300x169.png 300w, https:\/\/kudanarhiv.org\/wp-content\/uploads\/2016\/10\/vabilo_kaj_pa_vse_mojce-1-768x433.png 768w, https:\/\/kudanarhiv.org\/wp-content\/uploads\/2016\/10\/vabilo_kaj_pa_vse_mojce-1-1024x578.png 1024w\" sizes=\"auto, (max-width: 300px) 100vw, 300px\" \/><\/p>\n<h6 style=\"text-align: center;\">Cikel Od podobe do besede sofinancirajo Ministrstvo za kulturo (program Kulturne \u017eepnine za samozaposlene), Trubarjeva hi\u0161a literature, Dru\u0161tvo \u0160kuc in Kud Anarhiv (\u0160kratova \u010ditalnica).<\/h6>\n","protected":false},"excerpt":{"rendered":"<p>Kaj pa slovenski film in v njem vse Mojce? Trubarjeva hi\u0161a literature: 10.10.2016, ob 20.00 Na drugem sre\u010danju cikla Od podobe do besede bomo v dru\u017ebi Ur\u0161e Menart, re\u017eiserke mlaj\u0161e generacije, ki je za svoj celove\u010derni dokumentarni film Kaj pa Mojca? na 17. Festivalu slovenskega filma prejela nagrado Art kino mre\u017ee Slovenije, in Anje Banko, [&hellip;]<\/p>\n","protected":false},"author":2,"featured_media":0,"comment_status":"closed","ping_status":"closed","sticky":false,"template":"","format":"standard","meta":{"footnotes":""},"categories":[3],"tags":[],"class_list":["post-1452","post","type-post","status-publish","format-standard","hentry","category-info"],"_links":{"self":[{"href":"https:\/\/kudanarhiv.org\/index.php?rest_route=\/wp\/v2\/posts\/1452","targetHints":{"allow":["GET"]}}],"collection":[{"href":"https:\/\/kudanarhiv.org\/index.php?rest_route=\/wp\/v2\/posts"}],"about":[{"href":"https:\/\/kudanarhiv.org\/index.php?rest_route=\/wp\/v2\/types\/post"}],"author":[{"embeddable":true,"href":"https:\/\/kudanarhiv.org\/index.php?rest_route=\/wp\/v2\/users\/2"}],"replies":[{"embeddable":true,"href":"https:\/\/kudanarhiv.org\/index.php?rest_route=%2Fwp%2Fv2%2Fcomments&post=1452"}],"version-history":[{"count":2,"href":"https:\/\/kudanarhiv.org\/index.php?rest_route=\/wp\/v2\/posts\/1452\/revisions"}],"predecessor-version":[{"id":1455,"href":"https:\/\/kudanarhiv.org\/index.php?rest_route=\/wp\/v2\/posts\/1452\/revisions\/1455"}],"wp:attachment":[{"href":"https:\/\/kudanarhiv.org\/index.php?rest_route=%2Fwp%2Fv2%2Fmedia&parent=1452"}],"wp:term":[{"taxonomy":"category","embeddable":true,"href":"https:\/\/kudanarhiv.org\/index.php?rest_route=%2Fwp%2Fv2%2Fcategories&post=1452"},{"taxonomy":"post_tag","embeddable":true,"href":"https:\/\/kudanarhiv.org\/index.php?rest_route=%2Fwp%2Fv2%2Ftags&post=1452"}],"curies":[{"name":"wp","href":"https:\/\/api.w.org\/{rel}","templated":true}]}}