{"id":1465,"date":"2016-11-02T18:47:59","date_gmt":"2016-11-02T17:47:59","guid":{"rendered":"http:\/\/kudanarhiv.org\/?p=1465"},"modified":"2016-11-02T18:54:18","modified_gmt":"2016-11-02T17:54:18","slug":"nov-zanimiv-pogovor-v-trubarjevi-hisi-literature","status":"publish","type":"post","link":"https:\/\/kudanarhiv.org\/?p=1465","title":{"rendered":"Nov zanimiv pogovor v Trubarjevi hi\u0161i literature"},"content":{"rendered":"<p style=\"text-align: center;\">V okviru cikla <a href=\"http:\/\/kudanarhiv.org\/odpodobedobesede\/\">Od podobe do besede<\/a> vas 14.11.2016, ob 20.00, vabimo na nov pogovor v Trubarjevo hi\u0161o literature. Z nami bosta Jasmina \u0160epetavc in Ciril Oberstar.<\/p>\n<p style=\"text-align: center;\">Na tretjem sre\u010danju cikla <a href=\"http:\/\/kudanarhiv.org\/odpodobedobesede\/\">Od podobe do besede<\/a> bomo razmi\u0161ljali o nadvse \u017eivahnem razmerju med filmom, (kriti\u010dno) mislijo in filmom kot potencialnim mestom emancipacije. Ob skrbno izbranih filmskih primerih se bomo tako dotaknili nekaterih klju\u010dnih vidikov, ki spremljajo tovrstna razmi\u0161ljanja.<\/p>\n<p><strong><em>Jasmina \u0160epetavc <\/em><\/strong><em>je doktorska \u0161tudentka \u0161tudij spolov, filmska kriti\u010darka.<\/em><\/p>\n<p><strong><em>Ciril Oberstar <\/em><\/strong><em>je glavni in odgovorni urednik revije Ekran ter dolgoletni urednik za dru\u017eboslovje pri reviji Dialogi.<\/em><\/p>\n<p style=\"text-align: center;\"><img loading=\"lazy\" decoding=\"async\" class=\"aligncenter wp-image-1466\" src=\"http:\/\/kudanarhiv.org\/wp-content\/uploads\/2016\/11\/vabilo_film_podoba_misli-300x170.png\" alt=\"vabilo_film_podoba_misli\" width=\"317\" height=\"180\" srcset=\"https:\/\/kudanarhiv.org\/wp-content\/uploads\/2016\/11\/vabilo_film_podoba_misli-300x170.png 300w, https:\/\/kudanarhiv.org\/wp-content\/uploads\/2016\/11\/vabilo_film_podoba_misli-768x435.png 768w, https:\/\/kudanarhiv.org\/wp-content\/uploads\/2016\/11\/vabilo_film_podoba_misli-1024x580.png 1024w\" sizes=\"auto, (max-width: 317px) 100vw, 317px\" \/><\/p>\n<p style=\"text-align: center;\">Pogovor bo moderirala Nina Cvar, filmska kriti\u010darka in publicistka.<\/p>\n<h6 style=\"text-align: center;\"><em><strong>Cikel Od podobe do besede sofinancirajo Ministrstvo za kulturo (program<\/strong><strong> Kulturne \u017eepnine za samozaposlene)<\/strong><strong>, Trubarjeva hi\u0161a literature, Dru\u0161tvo \u0160kuc in Kud Anarhiv (\u0160kratova \u010ditalnica).<\/strong><\/em><\/h6>\n","protected":false},"excerpt":{"rendered":"<p>V okviru cikla Od podobe do besede vas 14.11.2016, ob 20.00, vabimo na nov pogovor v Trubarjevo hi\u0161o literature. Z nami bosta Jasmina \u0160epetavc in Ciril Oberstar. Na tretjem sre\u010danju cikla Od podobe do besede bomo razmi\u0161ljali o nadvse \u017eivahnem razmerju med filmom, (kriti\u010dno) mislijo in filmom kot potencialnim mestom emancipacije. Ob skrbno izbranih filmskih [&hellip;]<\/p>\n","protected":false},"author":2,"featured_media":0,"comment_status":"closed","ping_status":"closed","sticky":false,"template":"","format":"standard","meta":{"footnotes":""},"categories":[3],"tags":[],"class_list":["post-1465","post","type-post","status-publish","format-standard","hentry","category-info"],"_links":{"self":[{"href":"https:\/\/kudanarhiv.org\/index.php?rest_route=\/wp\/v2\/posts\/1465","targetHints":{"allow":["GET"]}}],"collection":[{"href":"https:\/\/kudanarhiv.org\/index.php?rest_route=\/wp\/v2\/posts"}],"about":[{"href":"https:\/\/kudanarhiv.org\/index.php?rest_route=\/wp\/v2\/types\/post"}],"author":[{"embeddable":true,"href":"https:\/\/kudanarhiv.org\/index.php?rest_route=\/wp\/v2\/users\/2"}],"replies":[{"embeddable":true,"href":"https:\/\/kudanarhiv.org\/index.php?rest_route=%2Fwp%2Fv2%2Fcomments&post=1465"}],"version-history":[{"count":5,"href":"https:\/\/kudanarhiv.org\/index.php?rest_route=\/wp\/v2\/posts\/1465\/revisions"}],"predecessor-version":[{"id":1471,"href":"https:\/\/kudanarhiv.org\/index.php?rest_route=\/wp\/v2\/posts\/1465\/revisions\/1471"}],"wp:attachment":[{"href":"https:\/\/kudanarhiv.org\/index.php?rest_route=%2Fwp%2Fv2%2Fmedia&parent=1465"}],"wp:term":[{"taxonomy":"category","embeddable":true,"href":"https:\/\/kudanarhiv.org\/index.php?rest_route=%2Fwp%2Fv2%2Fcategories&post=1465"},{"taxonomy":"post_tag","embeddable":true,"href":"https:\/\/kudanarhiv.org\/index.php?rest_route=%2Fwp%2Fv2%2Ftags&post=1465"}],"curies":[{"name":"wp","href":"https:\/\/api.w.org\/{rel}","templated":true}]}}