{"id":1487,"date":"2016-12-14T18:16:59","date_gmt":"2016-12-14T17:16:59","guid":{"rendered":"http:\/\/kudanarhiv.org\/?p=1487"},"modified":"2016-12-14T18:17:39","modified_gmt":"2016-12-14T17:17:39","slug":"novost-francoski-bralni-krozek-2017","status":"publish","type":"post","link":"https:\/\/kudanarhiv.org\/?p=1487","title":{"rendered":"Novost: Francoski bralni kro\u017eek 2017!"},"content":{"rendered":"<p style=\"text-align: center;\">Med januarjem in majem 2017 bo v sodelovanju z Mestno knji\u017enico Ljubljana (Enota \u0160i\u0161ka) potekal francoski literarni kro\u017eek, kjer se bomo enkrat na mesec pogovarjali o enem izmed sodobnih romanov znanih francoskih pisateljic in pisateljev, ki ga bomo dolo\u010dili na predhodnem sre\u010danju.<\/p>\n<p style=\"text-align: center;\">Brali bomo v izvirniku, prav tako bo tudi kro\u017eek praviloma potekal v franco\u0161\u010dini, torej je namenjen vsem, ki imate solidno znanje francoskega jezika (vsaj nivo B1) in radi berete sodobno leposlovje.<\/p>\n<p style=\"text-align: center;\">Prvo, informativno sre\u010danje bo potekalo v \u010detrtek, 22. 12., ob 18.00 v prostorih dru\u0161tva KUD Anarhiv na Kersnikovi 4, v 5. nadstropju.<\/p>\n<p style=\"text-align: center;\">Prijave zbiramo na: aicha.boughazi.92@gmail.co<wbr \/>m<\/p>\n<p style=\"text-align: center;\"><img loading=\"lazy\" decoding=\"async\" class=\"aligncenter size-medium wp-image-1488\" src=\"http:\/\/kudanarhiv.org\/wp-content\/uploads\/2016\/12\/kroz-300x132.jpg\" alt=\"kroz\" width=\"300\" height=\"132\" srcset=\"https:\/\/kudanarhiv.org\/wp-content\/uploads\/2016\/12\/kroz-300x132.jpg 300w, https:\/\/kudanarhiv.org\/wp-content\/uploads\/2016\/12\/kroz.jpg 700w\" sizes=\"auto, (max-width: 300px) 100vw, 300px\" \/><br \/>\n<strong>Kro\u017eek se odvija v okviru programa \u0160kratova \u010ditalnica.<\/strong><\/p>\n","protected":false},"excerpt":{"rendered":"<p>Med januarjem in majem 2017 bo v sodelovanju z Mestno knji\u017enico Ljubljana (Enota \u0160i\u0161ka) potekal francoski literarni kro\u017eek, kjer se bomo enkrat na mesec pogovarjali o enem izmed sodobnih romanov znanih francoskih pisateljic in pisateljev, ki ga bomo dolo\u010dili na predhodnem sre\u010danju. Brali bomo v izvirniku, prav tako bo tudi kro\u017eek praviloma potekal v franco\u0161\u010dini, [&hellip;]<\/p>\n","protected":false},"author":2,"featured_media":0,"comment_status":"closed","ping_status":"closed","sticky":false,"template":"","format":"standard","meta":{"footnotes":""},"categories":[3],"tags":[],"class_list":["post-1487","post","type-post","status-publish","format-standard","hentry","category-info"],"_links":{"self":[{"href":"https:\/\/kudanarhiv.org\/index.php?rest_route=\/wp\/v2\/posts\/1487","targetHints":{"allow":["GET"]}}],"collection":[{"href":"https:\/\/kudanarhiv.org\/index.php?rest_route=\/wp\/v2\/posts"}],"about":[{"href":"https:\/\/kudanarhiv.org\/index.php?rest_route=\/wp\/v2\/types\/post"}],"author":[{"embeddable":true,"href":"https:\/\/kudanarhiv.org\/index.php?rest_route=\/wp\/v2\/users\/2"}],"replies":[{"embeddable":true,"href":"https:\/\/kudanarhiv.org\/index.php?rest_route=%2Fwp%2Fv2%2Fcomments&post=1487"}],"version-history":[{"count":2,"href":"https:\/\/kudanarhiv.org\/index.php?rest_route=\/wp\/v2\/posts\/1487\/revisions"}],"predecessor-version":[{"id":1490,"href":"https:\/\/kudanarhiv.org\/index.php?rest_route=\/wp\/v2\/posts\/1487\/revisions\/1490"}],"wp:attachment":[{"href":"https:\/\/kudanarhiv.org\/index.php?rest_route=%2Fwp%2Fv2%2Fmedia&parent=1487"}],"wp:term":[{"taxonomy":"category","embeddable":true,"href":"https:\/\/kudanarhiv.org\/index.php?rest_route=%2Fwp%2Fv2%2Fcategories&post=1487"},{"taxonomy":"post_tag","embeddable":true,"href":"https:\/\/kudanarhiv.org\/index.php?rest_route=%2Fwp%2Fv2%2Ftags&post=1487"}],"curies":[{"name":"wp","href":"https:\/\/api.w.org\/{rel}","templated":true}]}}