{"id":1491,"date":"2016-12-18T17:28:13","date_gmt":"2016-12-18T16:28:13","guid":{"rendered":"http:\/\/kudanarhiv.org\/?p=1491"},"modified":"2016-12-18T17:28:36","modified_gmt":"2016-12-18T16:28:36","slug":"zakljucni-vecer-cikla-od-podobe-do-besede-23-12-2016-skratova-citalnica-20-30","status":"publish","type":"post","link":"https:\/\/kudanarhiv.org\/?p=1491","title":{"rendered":"Zaklju\u010dni ve\u010der cikla Od podobe do besede: 23.12.2016, \u0160kratova \u010ditalnica, 20.30"},"content":{"rendered":"<p style=\"text-align: center;\">Vljudno vabljeni na zaklju\u010dni ve\u010der cikla Od podobe do besede, ki se je letos odvijal med junijem in decembrom 2016.<\/p>\n<p style=\"text-align: center;\">Sklepno dejanje cikla bo v znamenju glasbenih to\u010dk ter razstave fotografij, ki so nastale na dogodkih cikla, ki smo ga organizirali v sodelovanju s Trubarjevo hi\u0161o literature in Dru\u0161tvom \u0160kuc. Pomemben \u010dlen cikla je program &#8220;\u017depnina za samozaposlene&#8221;, ki ga\u00a0financira Ministrstvo za kulturo.<\/p>\n<p style=\"text-align: center;\">Za\u010dnemo ob 20.30.<\/p>\n<p style=\"text-align: center;\"><img loading=\"lazy\" decoding=\"async\" class=\"aligncenter size-large wp-image-1493\" src=\"http:\/\/kudanarhiv.org\/wp-content\/uploads\/2016\/12\/letak20161223-724x1024.jpg\" alt=\"letak20161223\" width=\"724\" height=\"1024\" srcset=\"https:\/\/kudanarhiv.org\/wp-content\/uploads\/2016\/12\/letak20161223-724x1024.jpg 724w, https:\/\/kudanarhiv.org\/wp-content\/uploads\/2016\/12\/letak20161223-212x300.jpg 212w, https:\/\/kudanarhiv.org\/wp-content\/uploads\/2016\/12\/letak20161223-768x1086.jpg 768w, https:\/\/kudanarhiv.org\/wp-content\/uploads\/2016\/12\/letak20161223.jpg 1200w\" sizes=\"auto, (max-width: 724px) 100vw, 724px\" \/><\/p>\n<p style=\"text-align: center;\">\n","protected":false},"excerpt":{"rendered":"<p>Vljudno vabljeni na zaklju\u010dni ve\u010der cikla Od podobe do besede, ki se je letos odvijal med junijem in decembrom 2016. Sklepno dejanje cikla bo v znamenju glasbenih to\u010dk ter razstave fotografij, ki so nastale na dogodkih cikla, ki smo ga organizirali v sodelovanju s Trubarjevo hi\u0161o literature in Dru\u0161tvom \u0160kuc. Pomemben \u010dlen cikla je program [&hellip;]<\/p>\n","protected":false},"author":2,"featured_media":0,"comment_status":"closed","ping_status":"closed","sticky":false,"template":"","format":"standard","meta":{"footnotes":""},"categories":[3],"tags":[],"class_list":["post-1491","post","type-post","status-publish","format-standard","hentry","category-info"],"_links":{"self":[{"href":"https:\/\/kudanarhiv.org\/index.php?rest_route=\/wp\/v2\/posts\/1491","targetHints":{"allow":["GET"]}}],"collection":[{"href":"https:\/\/kudanarhiv.org\/index.php?rest_route=\/wp\/v2\/posts"}],"about":[{"href":"https:\/\/kudanarhiv.org\/index.php?rest_route=\/wp\/v2\/types\/post"}],"author":[{"embeddable":true,"href":"https:\/\/kudanarhiv.org\/index.php?rest_route=\/wp\/v2\/users\/2"}],"replies":[{"embeddable":true,"href":"https:\/\/kudanarhiv.org\/index.php?rest_route=%2Fwp%2Fv2%2Fcomments&post=1491"}],"version-history":[{"count":4,"href":"https:\/\/kudanarhiv.org\/index.php?rest_route=\/wp\/v2\/posts\/1491\/revisions"}],"predecessor-version":[{"id":1497,"href":"https:\/\/kudanarhiv.org\/index.php?rest_route=\/wp\/v2\/posts\/1491\/revisions\/1497"}],"wp:attachment":[{"href":"https:\/\/kudanarhiv.org\/index.php?rest_route=%2Fwp%2Fv2%2Fmedia&parent=1491"}],"wp:term":[{"taxonomy":"category","embeddable":true,"href":"https:\/\/kudanarhiv.org\/index.php?rest_route=%2Fwp%2Fv2%2Fcategories&post=1491"},{"taxonomy":"post_tag","embeddable":true,"href":"https:\/\/kudanarhiv.org\/index.php?rest_route=%2Fwp%2Fv2%2Ftags&post=1491"}],"curies":[{"name":"wp","href":"https:\/\/api.w.org\/{rel}","templated":true}]}}