{"id":1503,"date":"2017-01-23T10:30:14","date_gmt":"2017-01-23T09:30:14","guid":{"rendered":"http:\/\/kudanarhiv.org\/?p=1503"},"modified":"2017-01-23T10:30:14","modified_gmt":"2017-01-23T09:30:14","slug":"3-filmski-klub-dokumentarec-in-zgodovinski-svet","status":"publish","type":"post","link":"https:\/\/kudanarhiv.org\/?p=1503","title":{"rendered":"3.Filmski klub: Dokumentarec in zgodovinski svet"},"content":{"rendered":"<div class=\"itemIntroText\" style=\"text-align: center;\">Na novem sre\u010danju Filmskega kluba v okviru \u0160kratove \u010ditalnice in MKLJ (enota \u0160i\u0161ka) bomo ob izbranih primerih \u0161e naprej razmi\u0161ljali o povezavi med dokumentarcem in zgodovinskim svetom, pri \u010demer se bomo spra\u0161evali, kaj nam dokumentarci povedo ne le o svetu, v katerem \u017eivimo, temve\u010d predvsem o nas samih.<\/div>\n<div class=\"itemIntroText\" style=\"text-align: center;\"><\/div>\n<div class=\"itemFullText\" style=\"text-align: center;\">V ta namen si bomo podrobneje ogledali znamenito razvojno teorijo Billa Nicholsa, enega od najvidnej\u0161ih sodobnih teoretikov dokumentarnega filma.<\/div>\n<div class=\"itemFullText\" style=\"text-align: center;\"><\/div>\n<div class=\"itemFullText\" style=\"text-align: center;\">Sre\u010dali se bomo 23.1.2017, v Knji\u017enici \u0160i\u0161ka.<\/div>\n<div class=\"itemFullText\" style=\"text-align: center;\"><\/div>\n<div class=\"itemFullText\" style=\"text-align: center;\"><img loading=\"lazy\" decoding=\"async\" class=\"aligncenter  wp-image-1504\" src=\"http:\/\/kudanarhiv.org\/wp-content\/uploads\/2017\/01\/Bill-Nichols-819x1024.jpg\" alt=\"Bill-Nichols\" width=\"272\" height=\"340\" srcset=\"https:\/\/kudanarhiv.org\/wp-content\/uploads\/2017\/01\/Bill-Nichols-819x1024.jpg 819w, https:\/\/kudanarhiv.org\/wp-content\/uploads\/2017\/01\/Bill-Nichols-240x300.jpg 240w, https:\/\/kudanarhiv.org\/wp-content\/uploads\/2017\/01\/Bill-Nichols-768x960.jpg 768w, https:\/\/kudanarhiv.org\/wp-content\/uploads\/2017\/01\/Bill-Nichols.jpg 1024w\" sizes=\"auto, (max-width: 272px) 100vw, 272px\" \/><\/div>\n","protected":false},"excerpt":{"rendered":"<p>Na novem sre\u010danju Filmskega kluba v okviru \u0160kratove \u010ditalnice in MKLJ (enota \u0160i\u0161ka) bomo ob izbranih primerih \u0161e naprej razmi\u0161ljali o povezavi med dokumentarcem in zgodovinskim svetom, pri \u010demer se bomo spra\u0161evali, kaj nam dokumentarci povedo ne le o svetu, v katerem \u017eivimo, temve\u010d predvsem o nas samih. V ta namen si bomo podrobneje ogledali [&hellip;]<\/p>\n","protected":false},"author":2,"featured_media":0,"comment_status":"closed","ping_status":"closed","sticky":false,"template":"","format":"standard","meta":{"footnotes":""},"categories":[3],"tags":[],"class_list":["post-1503","post","type-post","status-publish","format-standard","hentry","category-info"],"_links":{"self":[{"href":"https:\/\/kudanarhiv.org\/index.php?rest_route=\/wp\/v2\/posts\/1503","targetHints":{"allow":["GET"]}}],"collection":[{"href":"https:\/\/kudanarhiv.org\/index.php?rest_route=\/wp\/v2\/posts"}],"about":[{"href":"https:\/\/kudanarhiv.org\/index.php?rest_route=\/wp\/v2\/types\/post"}],"author":[{"embeddable":true,"href":"https:\/\/kudanarhiv.org\/index.php?rest_route=\/wp\/v2\/users\/2"}],"replies":[{"embeddable":true,"href":"https:\/\/kudanarhiv.org\/index.php?rest_route=%2Fwp%2Fv2%2Fcomments&post=1503"}],"version-history":[{"count":1,"href":"https:\/\/kudanarhiv.org\/index.php?rest_route=\/wp\/v2\/posts\/1503\/revisions"}],"predecessor-version":[{"id":1505,"href":"https:\/\/kudanarhiv.org\/index.php?rest_route=\/wp\/v2\/posts\/1503\/revisions\/1505"}],"wp:attachment":[{"href":"https:\/\/kudanarhiv.org\/index.php?rest_route=%2Fwp%2Fv2%2Fmedia&parent=1503"}],"wp:term":[{"taxonomy":"category","embeddable":true,"href":"https:\/\/kudanarhiv.org\/index.php?rest_route=%2Fwp%2Fv2%2Fcategories&post=1503"},{"taxonomy":"post_tag","embeddable":true,"href":"https:\/\/kudanarhiv.org\/index.php?rest_route=%2Fwp%2Fv2%2Ftags&post=1503"}],"curies":[{"name":"wp","href":"https:\/\/api.w.org\/{rel}","templated":true}]}}