{"id":1507,"date":"2017-01-23T10:35:17","date_gmt":"2017-01-23T09:35:17","guid":{"rendered":"http:\/\/kudanarhiv.org\/?p=1507"},"modified":"2017-01-23T10:35:17","modified_gmt":"2017-01-23T09:35:17","slug":"nova-informativa-27-in-28-januarja","status":"publish","type":"post","link":"https:\/\/kudanarhiv.org\/?p=1507","title":{"rendered":"Nova Informativa: 27. in 28. januarja!"},"content":{"rendered":"<p style=\"text-align: center;\">Sejem izobra\u017eevanja in poklicev Informativa bo 27. in 28. januarja 2017 na Gospodarskem razstavi\u0161\u010du v Ljubljani \u017ee deveto leto zapovrstjo na enem mestu predstavil celovito paleto izobra\u017eevanj \u2013 od srednje\u0161olskih vse do dodiplomskih in podiplomskih programov, \u0161tevilne poklice, informacije o \u0161tipendijah. Prvi\u010d pa se ji pridru\u017euje tudi dogodek na temo prosto\u010dasnih aktivnosti mladih Arena mladih.<\/p>\n<p style=\"text-align: center;\"><strong>(Pred)Informativni dan za mlade<\/strong><\/p>\n<p style=\"text-align: center;\">Natanko dva tedna pred uradnimi informativnimi dnevi, ki bodo po vsej Sloveniji potekali 10. in 11. februarja, bodo mladi na 9. Informativi izobra\u017eevalne programe lahko spoznavali na enem mestu. Hkrati bodo lahko pridobili tudi razli\u010dne, s poklici in izobra\u017eevanjem povezane, informacije.<\/p>\n<p style=\"text-align: center;\">Informativa je edinstven (pred)informativni dan za u\u010dence, dijake in \u0161tudente, da spoznajo, katere \u0161ole oz. fakultete jim ponujajo katere programe, jih med seboj primerjajo in se odlo\u010dijo, katero izmed njih bodo obiskali na informativni dan ter kam bodo nato oddali prijavnico za vpis. V leto\u0161njem letu se predstavlja kar 20 programov iz tujine.<\/p>\n<p style=\"text-align: center;\">Med sodelujo\u010dimi na 9. Informativi bodo kot vsako leto srednje \u0161ole in \u0161olski centri z razli\u010dnih koncev Slovenije, vse \u0161tiri slovenske univerze s svojimi \u010dlanicami, druge visoko\u0161olske institucije iz Slovenije in tujine, vi\u0161je strokovne \u0161ole, \u0161tipenditorji, institucije, ki nudijo programe za izobra\u017eevanje odraslih, dr\u017eavne institucije, javni zavodi, razli\u010dne nevladne organizacije ter strokovna in interesna zdru\u017eenja.<\/p>\n<p style=\"text-align: center;\">Leto\u0161nja novost je raz\u0161irjen Park tujina, kjer se predstavljajo izobra\u017eevalni programi iz Avstrije, Danske, Francije, Hrva\u0161ke, Kanade, Mad\u017earske, Nem\u010dije, Rusije, \u0160panije, Finske, \u0160vice in ZDA. Bogat program pa organizatorji pripravljajo v izobra\u017eevalnem programu, v ra\u010dunalni\u0161ki u\u010dilnici, prvi\u010d pa bo potekal poseben program, predstavitev deficitarnih poklicev in mo\u017enosti \u0161tipendiranja na prostoru Evropskega socialnega sklada za mlade ter program v Znanstvenem koti\u010dku.<\/p>\n<p style=\"text-align: center;\">Na Informativi bomo tudi \u010dlanice Ljubljanske mre\u017ee info to\u010dk &#8211;\u00a0L&#8217;MIT. Poi\u0161\u010di nas!<\/p>\n<p style=\"text-align: center;\">Vstop na Informativo \u00a0in Areno mladih je prost.<\/p>\n<p style=\"text-align: center;\">Ve\u010d:\u00a0<a href=\"http:\/\/www.informativa.si\/\">www.informativa.si<\/a>\u00a0in\u00a0<a href=\"http:\/\/www.dobimo.se\/\">www.dobimo.se<\/a><\/p>\n<p style=\"text-align: center;\"><img loading=\"lazy\" decoding=\"async\" class=\"aligncenter size-full wp-image-1509\" src=\"http:\/\/kudanarhiv.org\/wp-content\/uploads\/2017\/01\/upload_glava_INFO17_600x174_slo.jpg\" alt=\"upload_glava_INFO17_600x174_slo\" width=\"600\" height=\"174\" srcset=\"https:\/\/kudanarhiv.org\/wp-content\/uploads\/2017\/01\/upload_glava_INFO17_600x174_slo.jpg 600w, https:\/\/kudanarhiv.org\/wp-content\/uploads\/2017\/01\/upload_glava_INFO17_600x174_slo-300x87.jpg 300w\" sizes=\"auto, (max-width: 600px) 100vw, 600px\" \/><\/p>\n","protected":false},"excerpt":{"rendered":"<p>Sejem izobra\u017eevanja in poklicev Informativa bo 27. in 28. januarja 2017 na Gospodarskem razstavi\u0161\u010du v Ljubljani \u017ee deveto leto zapovrstjo na enem mestu predstavil celovito paleto izobra\u017eevanj \u2013 od srednje\u0161olskih vse do dodiplomskih in podiplomskih programov, \u0161tevilne poklice, informacije o \u0161tipendijah. Prvi\u010d pa se ji pridru\u017euje tudi dogodek na temo prosto\u010dasnih aktivnosti mladih Arena mladih. [&hellip;]<\/p>\n","protected":false},"author":2,"featured_media":0,"comment_status":"closed","ping_status":"closed","sticky":false,"template":"","format":"standard","meta":{"footnotes":""},"categories":[3],"tags":[],"class_list":["post-1507","post","type-post","status-publish","format-standard","hentry","category-info"],"_links":{"self":[{"href":"https:\/\/kudanarhiv.org\/index.php?rest_route=\/wp\/v2\/posts\/1507","targetHints":{"allow":["GET"]}}],"collection":[{"href":"https:\/\/kudanarhiv.org\/index.php?rest_route=\/wp\/v2\/posts"}],"about":[{"href":"https:\/\/kudanarhiv.org\/index.php?rest_route=\/wp\/v2\/types\/post"}],"author":[{"embeddable":true,"href":"https:\/\/kudanarhiv.org\/index.php?rest_route=\/wp\/v2\/users\/2"}],"replies":[{"embeddable":true,"href":"https:\/\/kudanarhiv.org\/index.php?rest_route=%2Fwp%2Fv2%2Fcomments&post=1507"}],"version-history":[{"count":1,"href":"https:\/\/kudanarhiv.org\/index.php?rest_route=\/wp\/v2\/posts\/1507\/revisions"}],"predecessor-version":[{"id":1510,"href":"https:\/\/kudanarhiv.org\/index.php?rest_route=\/wp\/v2\/posts\/1507\/revisions\/1510"}],"wp:attachment":[{"href":"https:\/\/kudanarhiv.org\/index.php?rest_route=%2Fwp%2Fv2%2Fmedia&parent=1507"}],"wp:term":[{"taxonomy":"category","embeddable":true,"href":"https:\/\/kudanarhiv.org\/index.php?rest_route=%2Fwp%2Fv2%2Fcategories&post=1507"},{"taxonomy":"post_tag","embeddable":true,"href":"https:\/\/kudanarhiv.org\/index.php?rest_route=%2Fwp%2Fv2%2Ftags&post=1507"}],"curies":[{"name":"wp","href":"https:\/\/api.w.org\/{rel}","templated":true}]}}