{"id":1581,"date":"2017-04-23T21:39:12","date_gmt":"2017-04-23T19:39:12","guid":{"rendered":"http:\/\/kudanarhiv.org\/?p=1581"},"modified":"2017-04-23T21:46:29","modified_gmt":"2017-04-23T19:46:29","slug":"knjizna-novost-crna-koza-bele-maske","status":"publish","type":"post","link":"https:\/\/kudanarhiv.org\/?p=1581","title":{"rendered":"Knji\u017ena novost: \u010crna ko\u017ea, bele maske"},"content":{"rendered":"<div class=\"field field-type-text field-field-naslov\">\n<div class=\"field-label\" style=\"text-align: center;\">Avtor:<\/div>\n<div class=\"field-items\" style=\"text-align: center;\">\n<div class=\"field-item odd\">Frantz FANON<\/div>\n<\/div>\n<\/div>\n<div class=\"field field-type-text field-field-letnik\" style=\"text-align: center;\">\n<div class=\"field-label\">Leto:<\/div>\n<div class=\"field-items\">\n<div class=\"field-item odd\">2016<\/div>\n<\/div>\n<\/div>\n<div class=\"product-body\">\n<p style=\"text-align: center;\"><strong>Prevod:<\/strong> Ana Monika Habjan<\/p>\n<p style=\"text-align: center;\"><strong>Spremna \u0161tudija<\/strong>: Mladen Dolar<\/p>\n<p style=\"text-align: center;\">Ve\u010d o knjigi <a href=\"http:\/\/www.studia-humanitatis.si\/content\/%C4%8Drna-ko%C5%BEa-bele-maske\">tukaj<\/a>.<\/p>\n<p style=\"text-align: center;\"><img loading=\"lazy\" decoding=\"async\" class=\"aligncenter size-full wp-image-1582\" src=\"http:\/\/kudanarhiv.org\/wp-content\/uploads\/2017\/04\/26597_21883_170x260.jpg\" alt=\"26597_21883_170x260\" width=\"170\" height=\"260\" \/><\/p>\n<h4 style=\"text-align: center;\"><em><strong>\u010ce bi \u017eelel(a) pripraviti \u0160kratov ve\u010der na dano\u00a0knjigo (knjigo si seveda izposodi\u0161 v na\u0161i \u010ditalnici), nam pi\u0161i na skratovacital(at)gmail.com.<\/strong><\/em><\/h4>\n<\/div>\n<p style=\"text-align: center;\">\n","protected":false},"excerpt":{"rendered":"<p>Avtor: Frantz FANON Leto: 2016 Prevod: Ana Monika Habjan Spremna \u0161tudija: Mladen Dolar Ve\u010d o knjigi tukaj. \u010ce bi \u017eelel(a) pripraviti \u0160kratov ve\u010der na dano\u00a0knjigo (knjigo si seveda izposodi\u0161 v na\u0161i \u010ditalnici), nam pi\u0161i na skratovacital(at)gmail.com.<\/p>\n","protected":false},"author":2,"featured_media":0,"comment_status":"closed","ping_status":"closed","sticky":false,"template":"","format":"standard","meta":{"footnotes":""},"categories":[3],"tags":[],"class_list":["post-1581","post","type-post","status-publish","format-standard","hentry","category-info"],"_links":{"self":[{"href":"https:\/\/kudanarhiv.org\/index.php?rest_route=\/wp\/v2\/posts\/1581","targetHints":{"allow":["GET"]}}],"collection":[{"href":"https:\/\/kudanarhiv.org\/index.php?rest_route=\/wp\/v2\/posts"}],"about":[{"href":"https:\/\/kudanarhiv.org\/index.php?rest_route=\/wp\/v2\/types\/post"}],"author":[{"embeddable":true,"href":"https:\/\/kudanarhiv.org\/index.php?rest_route=\/wp\/v2\/users\/2"}],"replies":[{"embeddable":true,"href":"https:\/\/kudanarhiv.org\/index.php?rest_route=%2Fwp%2Fv2%2Fcomments&post=1581"}],"version-history":[{"count":2,"href":"https:\/\/kudanarhiv.org\/index.php?rest_route=\/wp\/v2\/posts\/1581\/revisions"}],"predecessor-version":[{"id":1584,"href":"https:\/\/kudanarhiv.org\/index.php?rest_route=\/wp\/v2\/posts\/1581\/revisions\/1584"}],"wp:attachment":[{"href":"https:\/\/kudanarhiv.org\/index.php?rest_route=%2Fwp%2Fv2%2Fmedia&parent=1581"}],"wp:term":[{"taxonomy":"category","embeddable":true,"href":"https:\/\/kudanarhiv.org\/index.php?rest_route=%2Fwp%2Fv2%2Fcategories&post=1581"},{"taxonomy":"post_tag","embeddable":true,"href":"https:\/\/kudanarhiv.org\/index.php?rest_route=%2Fwp%2Fv2%2Ftags&post=1581"}],"curies":[{"name":"wp","href":"https:\/\/api.w.org\/{rel}","templated":true}]}}