{"id":164,"date":"2013-09-13T17:03:05","date_gmt":"2013-09-13T15:03:05","guid":{"rendered":"http:\/\/kudanarhiv.org\/?p=164"},"modified":"2013-09-17T12:56:35","modified_gmt":"2013-09-17T10:56:35","slug":"predavanje-ane-jereb-zenske-in-upor-feministicna-akcija-v-pogonu","status":"publish","type":"post","link":"https:\/\/kudanarhiv.org\/?p=164","title":{"rendered":"Predavanje Ane Jereb: \u017dENSKE IN UPOR: feministi\u010dna akcija v pogonu"},"content":{"rendered":"<p>Vljudno\u00a0vabljeni\u00a0na\u00a0prvo\u00a0iz\u00a0serije\u00a0petih\u00a0\u00a0predavanj,\u00a0ki\u00a0potekajo\u00a0v\u00a0okviru\u00a0projekta<strong>\u00a0Aktivna sedanjost je prihodnost!:<\/strong><\/p>\n<p><strong>16.9.2013, ob 18.15, v Knji\u017enici \u0160i\u0161ka<\/strong><\/p>\n<p>Z\u00a0 nara\u0161\u010dajo\u010dimi\u00a0 neenakostmi\u00a0 stopajo\u00a0 vpra\u0161anja\u00a0 spola\u00a0 in\u00a0 feminizma\u00a0 ponovno\u00a0 v\u00a0 ospredje\u00a0 javnih\u00a0razprav.\u00a0 Feminizem\u00a0 ne\u00a0 naslavlja\u00a0 zgolj\u00a0 \u017eensk,\u00a0temve\u010d\u00a0 se\u00a0 bori\u00a0 proti\u00a0 rev\u0161\u010dini,\u00a0 nasilju,\u00a0izklju\u010devanju\u00a0\u0161ibkej\u0161ih,\u00a0 zavzema\u00a0 se\u00a0 za\u00a0 pravico\u00a0 do\u00a0 brezpla\u010dnega\u00a0 \u0161olstva,\u00a0 zdravstva\u00a0in\u00a0 okrepitev\u00a0 socialne\u00a0 dr\u017eave\u00a0ter\u00a0 re\u0161itve\u00a0 i\u0161\u010de\u00a0 v\u00a0 strukturnih\u00a0 spremembah.\u00a0 Na\u00a0 predavanju\u00a0 bomo\u00a0 govorili\u00a0 o\u00a0 vra\u010danju\u00a0 feministk\u00a0na\u00a0 ulice\u00a0 (s\u00a0 katerih\u00a0 niso\u00a0 nikoli\u00a0 od\u0161le),\u00a0 o\u00a0 aktualnih\u00a0 vpra\u0161anjih,\u00a0 ki\u00a0 jih\u00a0 odpirajo\u00a0 in\u00a0 pomembnosti\u00a0samoorganizacije.<\/p>\n<p>Ana\u00a0Jereb\u00a0je\u00a0univ.\u00a0dipl.\u00a0sociologinja,\u00a0podiplomska\u00a0\u0161tudentka\u00a0\u017denskih\u00a0\u0161tudij\u00a0in\u00a0feministi\u010dne\u00a0teorije\u00a0na\u00a0Filozofski\u00a0fakulteti\u00a0v\u00a0Ljubljani.<\/p>\n<p>&#8212;<\/p>\n<p>Projekt\u00a0<a href=\"http:\/\/kudanarhiv.org\/?page_id=55\">Aktivna\u00a0sedanjost\u00a0je\u00a0prihodnost!<\/a>\u00a0se\u00a0izvaja\u00a0v\u00a0organizaciji\u00a0Kulturno\u00a0umetni\u0161kega\u00a0dru\u0161tva\u00a0Anarhiv\u00a0(\u0160kratova\u00a0\u010ditalnica),\u00a0v\u00a0sodelovanju\u00a0s\u00a0Knji\u017enico\u00a0\u0160i\u0161ka,\u00a0ki\u00a0tudi\u00a0finan\u010dno\u00a0podpira\u00a0predavanja.\u00a0Poleg\u00a0Knji\u017enice\u00a0\u0160i\u0161ka\u00a0projekt\u00a0finan\u010dno\u00a0podpira\u00a0tudi\u00a0organizacija\u00a0Univerze\u00a0v\u00a0Ljubljani\u00a0\u0160OU,\u00a0izvajamo\u00a0pa\u00a0ga\u00a0tudi\u00a0s\u00a0pomo\u010djo\u00a0YHD\u00a0\u2013\u00a0Dru\u0161tva\u00a0za\u00a0teorijo.<\/p>\n","protected":false},"excerpt":{"rendered":"<p>Vljudno\u00a0vabljeni\u00a0na\u00a0prvo\u00a0iz\u00a0serije\u00a0petih\u00a0\u00a0predavanj,\u00a0ki\u00a0potekajo\u00a0v\u00a0okviru\u00a0projekta\u00a0Aktivna sedanjost je prihodnost!: 16.9.2013, ob 18.15, v Knji\u017enici \u0160i\u0161ka Z\u00a0 nara\u0161\u010dajo\u010dimi\u00a0 neenakostmi\u00a0 stopajo\u00a0 vpra\u0161anja\u00a0 spola\u00a0 in\u00a0 feminizma\u00a0 ponovno\u00a0 v\u00a0 ospredje\u00a0 javnih\u00a0razprav.\u00a0 Feminizem\u00a0 ne\u00a0 naslavlja\u00a0 zgolj\u00a0 \u017eensk,\u00a0temve\u010d\u00a0 se\u00a0 bori\u00a0 proti\u00a0 rev\u0161\u010dini,\u00a0 nasilju,\u00a0izklju\u010devanju\u00a0\u0161ibkej\u0161ih,\u00a0 zavzema\u00a0 se\u00a0 za\u00a0 pravico\u00a0 do\u00a0 brezpla\u010dnega\u00a0 \u0161olstva,\u00a0 zdravstva\u00a0in\u00a0 okrepitev\u00a0 socialne\u00a0 dr\u017eave\u00a0ter\u00a0 re\u0161itve\u00a0 i\u0161\u010de\u00a0 v\u00a0 strukturnih\u00a0 spremembah.\u00a0 Na\u00a0 predavanju\u00a0 bomo\u00a0 govorili\u00a0 o\u00a0 vra\u010danju\u00a0 feministk\u00a0na\u00a0 [&hellip;]<\/p>\n","protected":false},"author":4,"featured_media":0,"comment_status":"closed","ping_status":"closed","sticky":false,"template":"","format":"standard","meta":{"footnotes":""},"categories":[3],"tags":[],"class_list":["post-164","post","type-post","status-publish","format-standard","hentry","category-info"],"_links":{"self":[{"href":"https:\/\/kudanarhiv.org\/index.php?rest_route=\/wp\/v2\/posts\/164","targetHints":{"allow":["GET"]}}],"collection":[{"href":"https:\/\/kudanarhiv.org\/index.php?rest_route=\/wp\/v2\/posts"}],"about":[{"href":"https:\/\/kudanarhiv.org\/index.php?rest_route=\/wp\/v2\/types\/post"}],"author":[{"embeddable":true,"href":"https:\/\/kudanarhiv.org\/index.php?rest_route=\/wp\/v2\/users\/4"}],"replies":[{"embeddable":true,"href":"https:\/\/kudanarhiv.org\/index.php?rest_route=%2Fwp%2Fv2%2Fcomments&post=164"}],"version-history":[{"count":4,"href":"https:\/\/kudanarhiv.org\/index.php?rest_route=\/wp\/v2\/posts\/164\/revisions"}],"predecessor-version":[{"id":177,"href":"https:\/\/kudanarhiv.org\/index.php?rest_route=\/wp\/v2\/posts\/164\/revisions\/177"}],"wp:attachment":[{"href":"https:\/\/kudanarhiv.org\/index.php?rest_route=%2Fwp%2Fv2%2Fmedia&parent=164"}],"wp:term":[{"taxonomy":"category","embeddable":true,"href":"https:\/\/kudanarhiv.org\/index.php?rest_route=%2Fwp%2Fv2%2Fcategories&post=164"},{"taxonomy":"post_tag","embeddable":true,"href":"https:\/\/kudanarhiv.org\/index.php?rest_route=%2Fwp%2Fv2%2Ftags&post=164"}],"curies":[{"name":"wp","href":"https:\/\/api.w.org\/{rel}","templated":true}]}}