{"id":169,"date":"2013-09-17T12:52:10","date_gmt":"2013-09-17T10:52:10","guid":{"rendered":"http:\/\/kudanarhiv.org\/?p=169"},"modified":"2013-09-17T12:56:16","modified_gmt":"2013-09-17T10:56:16","slug":"aktivno-naprej-z-aktivno-sedanjostjo","status":"publish","type":"post","link":"https:\/\/kudanarhiv.org\/?p=169","title":{"rendered":"Aktivno naprej, z Aktivno sedanjostjo!"},"content":{"rendered":"<p>Po vro\u010dih poletnih dneh, no mesecih, smo v\u010deraj z dobro obiskanim predavanjem Ane Jereb odprli pestro jesensko dogajanje, ki bo polno dogodkov in najrazli\u010dnej\u0161ih aktivnosti! Tako bomo \u017ee \u010dez dva tedna, v sodelovanju s Knji\u017enico \u0160i\u0161ka, organizirali novo predavanje v okviru projekta <em>Aktivna sedanjost je prihodnost<\/em>. Tokrat se nam bo predstavil Primo\u017e Medved, s predavanjem\u00a0<b><i>Trajnostne soseske: primer Vauban (Freiburg, Nem\u010dija).<\/i><\/b><\/p>\n<p><i>\u00a0<\/i>V jesenskih dneh bomo prav tako nadaljevali s pisanimi otro\u0161kimi delavnicami, De\u017eelo \u0161kratkov in bralnimi kro\u017eki, za vas pa smo pripravili \u0161e eno prav posebno presene\u010denje, ki naj zaenkrat ostane \u0161e skrivnost&#8230;<\/p>\n<p>Preden pa vas povabimo na Primo\u017eevo predavanje, smo vas dol\u017eni \u0161e obvestiti, da bomo posnetek predavanja Ane Jereb ter njena izhodi\u0161\u010da predavanja objavili proti koncu tedna!<\/p>\n<p>Sicer pa se vidimo, bodisi v na\u0161i knji\u017enici, \u0160kratovi \u010citalnici, odprti med torkom in petkom, med 15h in 19h, ter seveda na drugem predavanju v okviru projektne platforme Aktivna sedanjost je prihodnost, ki se bo zgodilo 30.9, ob 18.15h, v Knji\u017enici \u0160i\u0161ka!<\/p>\n<p>Predavanje se bo\u00a0osredoto\u010dalo na definicijo avtonomne trajnostne soseske, na razlago\u00a0 trajnostnih elementov, ki jo sestavljajo in predstavitvi dobrih praks trajnostnih sosesk. S predstavitvijo se bo \u017eelelo pokazati alternativni na\u010din skupnosti, oz. na\u010dina \u017eivljenja, druga\u010den na\u010din urbanizma in dojemanja lokalnega bivalnega okolja znotraj mest. Na koncu bo predstavljen primer uspe\u0161ne trajnostne soseske &#8211; Vauban (Freiburg), ki bo odpiral tudi izto\u010dnice za mo\u017eno implementacijo podobne trajnostne soseske v Sloveniji.<\/p>\n<p><i>Primo\u017e Medved je <\/i><i>podiplomski \u0161tudent na interdisciplinarnem doktorskem \u0161tudiju na UN v Ljubljani, magister mednarodnih odnosov<\/i><i>. <\/i><\/p>\n<p>Ve\u010d o soseski Vauban si lahko preberete<a href=\"http:\/\/www.ellenmacarthurfoundation.org\/circular-economy\/explore-more\/initiatives-around-the-world\/vauban-a-pioneering-sustainable-community-in-germany\"> tukaj.\u00a0<\/a><\/p>\n<p><a href=\"http:\/\/kudanarhiv.org\/wp-content\/uploads\/2013\/09\/soseska.jpg\"><img loading=\"lazy\" decoding=\"async\" class=\"aligncenter size-medium wp-image-170\" alt=\"\" src=\"http:\/\/kudanarhiv.org\/wp-content\/uploads\/2013\/09\/soseska-300x199.jpg\" width=\"300\" height=\"199\" srcset=\"https:\/\/kudanarhiv.org\/wp-content\/uploads\/2013\/09\/soseska-300x199.jpg 300w, https:\/\/kudanarhiv.org\/wp-content\/uploads\/2013\/09\/soseska-624x415.jpg 624w, https:\/\/kudanarhiv.org\/wp-content\/uploads\/2013\/09\/soseska.jpg 1010w\" sizes=\"auto, (max-width: 300px) 100vw, 300px\" \/><\/a><\/p>\n<p>Projekt Aktivna sedanjost je prihodnost! se izvaja v organizaciji Kulturno umetni\u0161kega dru\u0161tva Anarhiv (\u0160kratova \u010citalnica), v sodelovanju s Knji\u017enico \u0160i\u0161ka, ki tudi finan\u010dno podpira predavanja. Poleg Knji\u017enice \u0160i\u0161ka projekt finan\u010dno podpira tudi organizacija Univerze v Ljubljani \u0160OU, izvajamo pa ga tudi s pomo\u010djo YHD \u2013 Dru\u0161tva za teorijo.<\/p>\n","protected":false},"excerpt":{"rendered":"<p>Po vro\u010dih poletnih dneh, no mesecih, smo v\u010deraj z dobro obiskanim predavanjem Ane Jereb odprli pestro jesensko dogajanje, ki bo polno dogodkov in najrazli\u010dnej\u0161ih aktivnosti! Tako bomo \u017ee \u010dez dva tedna, v sodelovanju s Knji\u017enico \u0160i\u0161ka, organizirali novo predavanje v okviru projekta Aktivna sedanjost je prihodnost. Tokrat se nam bo predstavil Primo\u017e Medved, s predavanjem\u00a0Trajnostne [&hellip;]<\/p>\n","protected":false},"author":2,"featured_media":0,"comment_status":"closed","ping_status":"closed","sticky":false,"template":"","format":"standard","meta":{"footnotes":""},"categories":[3],"tags":[],"class_list":["post-169","post","type-post","status-publish","format-standard","hentry","category-info"],"_links":{"self":[{"href":"https:\/\/kudanarhiv.org\/index.php?rest_route=\/wp\/v2\/posts\/169","targetHints":{"allow":["GET"]}}],"collection":[{"href":"https:\/\/kudanarhiv.org\/index.php?rest_route=\/wp\/v2\/posts"}],"about":[{"href":"https:\/\/kudanarhiv.org\/index.php?rest_route=\/wp\/v2\/types\/post"}],"author":[{"embeddable":true,"href":"https:\/\/kudanarhiv.org\/index.php?rest_route=\/wp\/v2\/users\/2"}],"replies":[{"embeddable":true,"href":"https:\/\/kudanarhiv.org\/index.php?rest_route=%2Fwp%2Fv2%2Fcomments&post=169"}],"version-history":[{"count":6,"href":"https:\/\/kudanarhiv.org\/index.php?rest_route=\/wp\/v2\/posts\/169\/revisions"}],"predecessor-version":[{"id":176,"href":"https:\/\/kudanarhiv.org\/index.php?rest_route=\/wp\/v2\/posts\/169\/revisions\/176"}],"wp:attachment":[{"href":"https:\/\/kudanarhiv.org\/index.php?rest_route=%2Fwp%2Fv2%2Fmedia&parent=169"}],"wp:term":[{"taxonomy":"category","embeddable":true,"href":"https:\/\/kudanarhiv.org\/index.php?rest_route=%2Fwp%2Fv2%2Fcategories&post=169"},{"taxonomy":"post_tag","embeddable":true,"href":"https:\/\/kudanarhiv.org\/index.php?rest_route=%2Fwp%2Fv2%2Ftags&post=169"}],"curies":[{"name":"wp","href":"https:\/\/api.w.org\/{rel}","templated":true}]}}