{"id":180,"date":"2013-09-28T13:02:25","date_gmt":"2013-09-28T11:02:25","guid":{"rendered":"http:\/\/kudanarhiv.org\/?p=180"},"modified":"2013-09-28T13:02:25","modified_gmt":"2013-09-28T11:02:25","slug":"reportaza-i","status":"publish","type":"post","link":"https:\/\/kudanarhiv.org\/?p=180","title":{"rendered":"Reporta\u017ea I."},"content":{"rendered":"<p>Pred ponedeljkovim predavanjem Primo\u017ea Medveda smo za vas pripravili \u0161e se\u017eetek Aninega predavanja ter njena izhodi\u0161\u010da za va\u0161a nadaljnja samostojna raziskovanja in udejstvovanja, hkrati pa vas vljudno vabimo, da nam na\u00a0skratovacital(at)gmail.com po\u0161iljate kratke sestavke o predstavljeni temi, memete, ilustracije, mnenja. Objavili jih bomo na na\u0161i spletni strani in v posebni zlo\u017eenki, ki jo bomo pripravili konec leta!<\/p>\n<p><strong><em>Anin povzetek prvega predavanja, izvedenega v Knji\u017enici \u0160i\u0161ka:<\/em><\/strong><\/p>\n<blockquote><p>V predavanju sem izhajala iz prisotnosti nasilja in zatiranja \u017eensk, ki smo mu navzo\u010di v vsakdanjem \u017eivljenju. Nasilje je ob\u010de prisotno, beremo o njem, ga \u010dutimo na ulicah, a ga ne poimenujemo kot prizadevanje nadvladovanja \u017eenskam.<\/p>\n<p>Tovrstno zatiranje generira upor, ki se oblikuje v skupinah \u017eensk, feministk, ki na izjemno kreativen in igriv na\u010din dvigujejo svoj glas, s katerim motijo samoumevnost sistema nadvlade.<\/p>\n<p>Feministi\u010dne skupine z lastnimi telesi izumljajo govorico, ki \u0161e ne obstaja, in uvajajo prakse \u017eivljenja bodo\u010dnosti.<\/p>\n<p>Kar razlikuje dana\u0161nje feministi\u010dne govorice od preteklih, je zdru\u017eevanje navidezno nepovezanega in preseganje zgolj vpra\u0161anj spola v njihovem mi\u0161ljenju.<\/p>\n<p>V zadnjih letih v evropskem prostoru zaznavamo porast tovrstnih skupin, v na\u0161em lokalnem kontekstu je ena izmed teh skupin Vstajni\u0161ke socialne delavke.<\/p><\/blockquote>\n<p><em><strong>\u0160e Anina izhodi\u0161\u010da:<\/strong><\/em><\/p>\n<p>Katera relevantna vpra\u0161anja odpira danes feminizem? Katera navidezno nezdru\u017eljiva podro\u010dja zdru\u017euje in zakaj?<\/p>\n<p>Zakaj je pomembno misliti onkraj zgolj vpra\u0161anj spola in \u010demu heterogenost pristopov (in kaj to pomeni)?<\/p>\n<p>Zakaj je pomembna samoorganizacija oziroma organizaranje od spodaj? Kaj to pomeni, na kak\u0161en na\u010din se organizirati, kako povezovati ljudi, kako omogo\u010diti zbiranje, kak\u0161no vlogo imajo novi mediji in hkrati njihov nadzor?<\/p>\n<p>V kratkem sledi \u0161e posnetek Aninega predavanja!<\/p>\n<p><a href=\"http:\/\/kudanarhiv.org\/wp-content\/uploads\/2013\/09\/soc-delavke.jpg\"><img loading=\"lazy\" decoding=\"async\" class=\"aligncenter size-medium wp-image-181\" alt=\"\" src=\"http:\/\/kudanarhiv.org\/wp-content\/uploads\/2013\/09\/soc-delavke-300x191.jpg\" width=\"300\" height=\"191\" srcset=\"https:\/\/kudanarhiv.org\/wp-content\/uploads\/2013\/09\/soc-delavke-300x191.jpg 300w, https:\/\/kudanarhiv.org\/wp-content\/uploads\/2013\/09\/soc-delavke.jpg 395w\" sizes=\"auto, (max-width: 300px) 100vw, 300px\" \/><\/a><\/p>\n","protected":false},"excerpt":{"rendered":"<p>Pred ponedeljkovim predavanjem Primo\u017ea Medveda smo za vas pripravili \u0161e se\u017eetek Aninega predavanja ter njena izhodi\u0161\u010da za va\u0161a nadaljnja samostojna raziskovanja in udejstvovanja, hkrati pa vas vljudno vabimo, da nam na\u00a0skratovacital(at)gmail.com po\u0161iljate kratke sestavke o predstavljeni temi, memete, ilustracije, mnenja. Objavili jih bomo na na\u0161i spletni strani in v posebni zlo\u017eenki, ki jo bomo pripravili [&hellip;]<\/p>\n","protected":false},"author":2,"featured_media":0,"comment_status":"closed","ping_status":"closed","sticky":false,"template":"","format":"standard","meta":{"footnotes":""},"categories":[3],"tags":[],"class_list":["post-180","post","type-post","status-publish","format-standard","hentry","category-info"],"_links":{"self":[{"href":"https:\/\/kudanarhiv.org\/index.php?rest_route=\/wp\/v2\/posts\/180","targetHints":{"allow":["GET"]}}],"collection":[{"href":"https:\/\/kudanarhiv.org\/index.php?rest_route=\/wp\/v2\/posts"}],"about":[{"href":"https:\/\/kudanarhiv.org\/index.php?rest_route=\/wp\/v2\/types\/post"}],"author":[{"embeddable":true,"href":"https:\/\/kudanarhiv.org\/index.php?rest_route=\/wp\/v2\/users\/2"}],"replies":[{"embeddable":true,"href":"https:\/\/kudanarhiv.org\/index.php?rest_route=%2Fwp%2Fv2%2Fcomments&post=180"}],"version-history":[{"count":2,"href":"https:\/\/kudanarhiv.org\/index.php?rest_route=\/wp\/v2\/posts\/180\/revisions"}],"predecessor-version":[{"id":183,"href":"https:\/\/kudanarhiv.org\/index.php?rest_route=\/wp\/v2\/posts\/180\/revisions\/183"}],"wp:attachment":[{"href":"https:\/\/kudanarhiv.org\/index.php?rest_route=%2Fwp%2Fv2%2Fmedia&parent=180"}],"wp:term":[{"taxonomy":"category","embeddable":true,"href":"https:\/\/kudanarhiv.org\/index.php?rest_route=%2Fwp%2Fv2%2Fcategories&post=180"},{"taxonomy":"post_tag","embeddable":true,"href":"https:\/\/kudanarhiv.org\/index.php?rest_route=%2Fwp%2Fv2%2Ftags&post=180"}],"curies":[{"name":"wp","href":"https:\/\/api.w.org\/{rel}","templated":true}]}}