{"id":184,"date":"2013-09-29T23:42:25","date_gmt":"2013-09-29T21:42:25","guid":{"rendered":"http:\/\/kudanarhiv.org\/?p=184"},"modified":"2013-09-29T23:42:25","modified_gmt":"2013-09-29T21:42:25","slug":"reportaza-ii-avdio-posnetek-predavanja-ane-jereb","status":"publish","type":"post","link":"https:\/\/kudanarhiv.org\/?p=184","title":{"rendered":"Reporta\u017ea II: avdio posnetek predavanja Ane Jereb"},"content":{"rendered":"<p>Drage obiskovalke in obiskovalci na\u0161e spletne strani, dol\u017eni smo vam \u0161e objavo avdio posnetka otvoritvenega predavanja v okviru projekta Aktivna sedanjost je prihodnost!, ki ga organiziramo v sodelovanju s Knji\u017enico \u0160i\u0161ka in YHD.<\/p>\n<p>Na prvem predavanju se nam je predstavila Ana Jereb:<\/p>\n<p style=\"text-align: center;\"><strong><a href=\"http:\/\/kudanarhiv.org\/wp-content\/uploads\/2013\/09\/predavanje_ana.mp3\">predavanje_ana<\/a><\/strong><\/p>\n<p><a href=\"http:\/\/kudanarhiv.org\/wp-content\/uploads\/2013\/09\/DSC_0112.jpg\"><img loading=\"lazy\" decoding=\"async\" class=\"aligncenter size-medium wp-image-186\" alt=\"\" src=\"http:\/\/kudanarhiv.org\/wp-content\/uploads\/2013\/09\/DSC_0112-300x200.jpg\" width=\"300\" height=\"200\" srcset=\"https:\/\/kudanarhiv.org\/wp-content\/uploads\/2013\/09\/DSC_0112-300x200.jpg 300w, https:\/\/kudanarhiv.org\/wp-content\/uploads\/2013\/09\/DSC_0112-1024x685.jpg 1024w, https:\/\/kudanarhiv.org\/wp-content\/uploads\/2013\/09\/DSC_0112-624x417.jpg 624w, https:\/\/kudanarhiv.org\/wp-content\/uploads\/2013\/09\/DSC_0112.jpg 1936w\" sizes=\"auto, (max-width: 300px) 100vw, 300px\" \/><\/a><\/p>\n<p style=\"text-align: center;\"><em>Vljudno vabljeni k poslu\u0161anju!<\/em><\/p>\n<p>&nbsp;<\/p>\n","protected":false},"excerpt":{"rendered":"<p>Drage obiskovalke in obiskovalci na\u0161e spletne strani, dol\u017eni smo vam \u0161e objavo avdio posnetka otvoritvenega predavanja v okviru projekta Aktivna sedanjost je prihodnost!, ki ga organiziramo v sodelovanju s Knji\u017enico \u0160i\u0161ka in YHD. Na prvem predavanju se nam je predstavila Ana Jereb: predavanje_ana Vljudno vabljeni k poslu\u0161anju! &nbsp;<\/p>\n","protected":false},"author":2,"featured_media":0,"comment_status":"closed","ping_status":"closed","sticky":false,"template":"","format":"standard","meta":{"footnotes":""},"categories":[3],"tags":[],"class_list":["post-184","post","type-post","status-publish","format-standard","hentry","category-info"],"_links":{"self":[{"href":"https:\/\/kudanarhiv.org\/index.php?rest_route=\/wp\/v2\/posts\/184","targetHints":{"allow":["GET"]}}],"collection":[{"href":"https:\/\/kudanarhiv.org\/index.php?rest_route=\/wp\/v2\/posts"}],"about":[{"href":"https:\/\/kudanarhiv.org\/index.php?rest_route=\/wp\/v2\/types\/post"}],"author":[{"embeddable":true,"href":"https:\/\/kudanarhiv.org\/index.php?rest_route=\/wp\/v2\/users\/2"}],"replies":[{"embeddable":true,"href":"https:\/\/kudanarhiv.org\/index.php?rest_route=%2Fwp%2Fv2%2Fcomments&post=184"}],"version-history":[{"count":2,"href":"https:\/\/kudanarhiv.org\/index.php?rest_route=\/wp\/v2\/posts\/184\/revisions"}],"predecessor-version":[{"id":188,"href":"https:\/\/kudanarhiv.org\/index.php?rest_route=\/wp\/v2\/posts\/184\/revisions\/188"}],"wp:attachment":[{"href":"https:\/\/kudanarhiv.org\/index.php?rest_route=%2Fwp%2Fv2%2Fmedia&parent=184"}],"wp:term":[{"taxonomy":"category","embeddable":true,"href":"https:\/\/kudanarhiv.org\/index.php?rest_route=%2Fwp%2Fv2%2Fcategories&post=184"},{"taxonomy":"post_tag","embeddable":true,"href":"https:\/\/kudanarhiv.org\/index.php?rest_route=%2Fwp%2Fv2%2Ftags&post=184"}],"curies":[{"name":"wp","href":"https:\/\/api.w.org\/{rel}","templated":true}]}}