{"id":1915,"date":"2019-01-22T23:48:10","date_gmt":"2019-01-22T22:48:10","guid":{"rendered":"http:\/\/kudanarhiv.org\/?p=1915"},"modified":"2019-10-12T20:47:39","modified_gmt":"2019-10-12T18:47:39","slug":"arena-mladih-bo-pregnala-januarski-dolgcas","status":"publish","type":"post","link":"https:\/\/kudanarhiv.org\/?p=1915","title":{"rendered":"Arena mladih bo pregnala januarski dolg\u010das!"},"content":{"rendered":"\n<p><\/p>\n\n\n\n<figure class=\"wp-block-image\"><img loading=\"lazy\" decoding=\"async\" width=\"900\" height=\"343\" src=\"http:\/\/kudanarhiv.org\/wp-content\/uploads\/2019\/01\/arena.jpg\" alt=\"\" class=\"wp-image-1916\" srcset=\"https:\/\/kudanarhiv.org\/wp-content\/uploads\/2019\/01\/arena.jpg 900w, https:\/\/kudanarhiv.org\/wp-content\/uploads\/2019\/01\/arena-300x114.jpg 300w, https:\/\/kudanarhiv.org\/wp-content\/uploads\/2019\/01\/arena-768x293.jpg 768w\" sizes=\"auto, (max-width: 900px) 100vw, 900px\" \/><\/figure>\n\n\n\n<p>V Marmorni dvorani (B) na Gospodarskem razstavi\u0161\u010du bo 25. in 26. januarja od 9. do 18. ure potekala \u017ee 19. Arena mladih, prireditev, ki mladim ponuja razli\u010dne informacije, prilo\u017enosti in ideje za aktivno pre\u017eivljanje prostega \u010dasa.<\/p>\n\n\n\n<p>19. Arena mladih bo ponovno na kup zbrala vse mlade in mlade po srcu, mra\u010dnemu januarskemu obdobju povrnila veliko \u017eivljenja, vsem mladim pa ponudila dvodnevni oddih ter obilo zabave.<\/p>\n\n\n\n<p>Pod eno streho bodo gostili \u0161tevilne projekte in predstavitve s podro\u010dij, ki najbolj zanimajo mlade \u2013 moderna spletna orodja, aplikacije in gadgeti, moda in prehrana, potovanja, \u0161port, zabava, no\u010dno in dnevno rajanje, glasba, pustolov\u0161\u010dine in \u0161e kaj!<\/p>\n\n\n\n<p>V okviru Arene mladih se bodo predstavila dru\u0161tva, organizacije in podjetja, povezana z aktivacijo mladih. Med njimi lahko najdete tudi ekipo L\u2019MIT.<\/p>\n\n\n\n<p>Poleg zabavnega programa Arene mladih pa te isto\u010dasno \u010daka tudi t. i. vseslovenski predinformativni dan Informativa, ki ti bo predstavil raznolike mo\u017enosti izobra\u017eevanja, na voljo v Sloveniji in tujini.<\/p>\n\n\n\n<p>Ve\u010d informacij o Areni mladih lahko najde\u0161&nbsp;<a href=\"https:\/\/www.dobimo.se\/o-prireditvi\/\">tukaj<\/a>.<\/p>\n\n\n\n<p>Na&nbsp;<a href=\"https:\/\/www.facebook.com\/arenamladih\/\">Facebook<\/a>&nbsp;strani pa si poglej kdo vse se bo letos predstavil na Areni mladih.<\/p>\n","protected":false},"excerpt":{"rendered":"<p>V Marmorni dvorani (B) na Gospodarskem razstavi\u0161\u010du bo 25. in 26. januarja od 9. do 18. ure potekala \u017ee 19. Arena mladih, prireditev, ki mladim ponuja razli\u010dne informacije, prilo\u017enosti in ideje za aktivno pre\u017eivljanje prostega \u010dasa. 19. Arena mladih bo ponovno na kup zbrala vse mlade in mlade po srcu, mra\u010dnemu januarskemu obdobju povrnila veliko [&hellip;]<\/p>\n","protected":false},"author":2,"featured_media":1916,"comment_status":"closed","ping_status":"closed","sticky":false,"template":"","format":"standard","meta":{"footnotes":""},"categories":[3],"tags":[],"class_list":["post-1915","post","type-post","status-publish","format-standard","has-post-thumbnail","hentry","category-info"],"_links":{"self":[{"href":"https:\/\/kudanarhiv.org\/index.php?rest_route=\/wp\/v2\/posts\/1915","targetHints":{"allow":["GET"]}}],"collection":[{"href":"https:\/\/kudanarhiv.org\/index.php?rest_route=\/wp\/v2\/posts"}],"about":[{"href":"https:\/\/kudanarhiv.org\/index.php?rest_route=\/wp\/v2\/types\/post"}],"author":[{"embeddable":true,"href":"https:\/\/kudanarhiv.org\/index.php?rest_route=\/wp\/v2\/users\/2"}],"replies":[{"embeddable":true,"href":"https:\/\/kudanarhiv.org\/index.php?rest_route=%2Fwp%2Fv2%2Fcomments&post=1915"}],"version-history":[{"count":1,"href":"https:\/\/kudanarhiv.org\/index.php?rest_route=\/wp\/v2\/posts\/1915\/revisions"}],"predecessor-version":[{"id":1917,"href":"https:\/\/kudanarhiv.org\/index.php?rest_route=\/wp\/v2\/posts\/1915\/revisions\/1917"}],"wp:featuredmedia":[{"embeddable":true,"href":"https:\/\/kudanarhiv.org\/index.php?rest_route=\/wp\/v2\/media\/1916"}],"wp:attachment":[{"href":"https:\/\/kudanarhiv.org\/index.php?rest_route=%2Fwp%2Fv2%2Fmedia&parent=1915"}],"wp:term":[{"taxonomy":"category","embeddable":true,"href":"https:\/\/kudanarhiv.org\/index.php?rest_route=%2Fwp%2Fv2%2Fcategories&post=1915"},{"taxonomy":"post_tag","embeddable":true,"href":"https:\/\/kudanarhiv.org\/index.php?rest_route=%2Fwp%2Fv2%2Ftags&post=1915"}],"curies":[{"name":"wp","href":"https:\/\/api.w.org\/{rel}","templated":true}]}}