{"id":202,"date":"2013-10-18T18:34:39","date_gmt":"2013-10-18T16:34:39","guid":{"rendered":"http:\/\/kudanarhiv.org\/?p=202"},"modified":"2013-10-18T19:08:46","modified_gmt":"2013-10-18T17:08:46","slug":"kamen-skarje-papir-ustvarjam-po-obdobjih-vabi","status":"publish","type":"post","link":"https:\/\/kudanarhiv.org\/?p=202","title":{"rendered":"\u00bbKAMEN, \u0160KARJE, PAPIR \u2013 USTVARJAM PO OBDOBJIH\u00ab VABI!"},"content":{"rendered":"<p>Teorija in praksa se bosta ustvarjalno dru\u017eili na novih delavnicah KUD-a Anarhiv. Otroke stare med 9 in 15 let vabimo, naj se nam pridru\u017eijo pri igrivem raziskovanju obdobij umetnostne zgodovine. Delavnica je namenjena kraj\u0161emu spoznavanju umetnostnih obdobij in ustvarjanju izdelkov iz naravnih materialov v povezavi s spoznanim obdobjem. Zaklju\u010dek delavnic pa bo povzela\u00a0 razstava nastalih izdelkov, ki jih bodo ustvarili udele\u017eenci in udele\u017eenke delavnice. Udele\u017eba je brezpla\u010dna!<\/p>\n<p>KJE: V prostorih MSUM-a.<\/p>\n<p>KDAJ: ponedeljek 28.10 \u2013 \u010detrtek 31.10 od 13.00 \u2013 16.00\u00a0 in sobota 2.11. med 16.00 &#8211; 18.00 ter nedelja 16.00 \u2013 18.00<\/p>\n<p>PRIJAVE: sprejemamo na e-mail: <a href=\"mailto:izza.ogla@gmail.com\">izza.ogla@gmail.com<\/a><\/p>\n<p>PROGRAM:<\/p>\n<p><b>Ponedeljek, 28.10<\/b>: Spoznavanje umetnosti civilizacij s podro\u010dja egejskega morja in anti\u010dne umetnosti. Iz gline bomo izdelovali idole, kultne podobe, ki so jih izdelovale civilizacije v \u0161ir\u0161em podro\u010dju egejskega morja (okoli 2200 \u2013 1200 pr. Kr.) ter s flomastri na tekstil risali motive z anti\u010dnih vaz. OTROCI NAJ S SEBOJ PRINESEJO STARE, NAJBOLJE BELE, MAJICE, KI JIH BOMO SKUPAJ PORISALI.<\/p>\n<p><b>Torek, 29.10.: S<\/b>rednjeve\u0161ka in renesan\u010dna umetnost. Poudarili bomo pomen cerkvene umetnosti v srednjem veku (mozaik in vitra\u017e, pomen svetlobe) ter spremembo pojmovanja \u010dloveka in sveta, do katere pride v renesansi (individuum). Izdelovali bomo ilustracije, navdahnjene po srednjeve\u0161kih vita\u017eih ter \u00a0po vzoru slikarja Archimbolda ustvarili portret iz suhega rastlinja, nabranega v naravi.<\/p>\n<p><b>Sreda, 30.10: <\/b>Govorili bomo o odnosu do realnosti, kot je bil vzpostavljen v razli\u010dnih obdobjih \u2013 realizmu, impresionizmu, postimpresionizmu ter nato avantgardah \u2013 natan\u010dneje nadrealizmu. Poudarili bomo tudi pomen plakata plakata in kola\u017ea v avantgardah (npr. konstruktivisti\u010dni plakati, nadrealisti\u010dni kola\u017ei). Otroci bodo izdelali domi\u0161ljijski kola\u017e iz revij in \u010dasopisov. OTROCI NAJ S SEBOJ PRINESEJO \u010cIM VE\u010c STARIH REVIJ IN \u010cASOPISOV OZIROMA KAK\u0160NEGA DRUGEGA LIKOVNEGA GRADIVA.<\/p>\n<p><b>\u010cetrtek, 31.10: <\/b>Kot nadaljevanje razmi\u0161ljanja vlogi realnega v umetnosti, se bomo pogovarjali o abstraktni umetnosti. Po vzoru slikarja Pollocka in njegove tehnike \u00bbdrip painting\u00ab bomo predelali od doma prinesene stare majice. Premaknili se bomo tudi k polju kiparstva, natan\u010dneje kineti\u010dni skulpturi in izdelali vise\u010di \u00bbmobile\u00ab po navdihu Alexandra Calderja. OTROCI NAJ S SEBOJ PRINESEJO STARE MAJICE.<\/p>\n<p><b>Sobota, 2.10<\/b><\/p>\n<p>Vsebinsko se bomo za\u010deli premikati prodi moderni in sodobni umetnosti \u2013 pogovarjali se bomo o tem, kaj vse je ali ni lahko umetnost. V tem kontekstu bomo omenili pojav<i> ready-madea.<\/i>\u00a0 Vzpodbudili bomo izmenjavo mnenj o tem, kaj je umetnost ali kaj ni, zakaj je nekaj tako imenovano in ali imamo o tem lahko razli\u010dna mnenja. Pobrskali bi med doma\u010dimi odslu\u017eenimi predmeti in premislili o tem, zakaj to je ali ni umetnost ter kaj si predstavljamo pod to oznako. Delavnico bi zaklju\u010dili z ogledom zbirke MSUM-a in sprehodom skozi Metelkovo. OTROCI NAJ S SEBOJ PRINESEJO KAKR\u0160NEKOLI ODSLU\u017dENE PREDMETE.<\/p>\n<p><b>Nedelja, 3.10<\/b><\/p>\n<p>Izmed ustvarjenih del bomo izbrali najbolj\u0161e in jih nato na ogled postavili na razstavi, ki jo bomo organizirali v avtobusu \u0160kratove \u010ditalnice na obmo\u010dju Metelkove. Otroci se bodo pri seznanili s postopkom postavljanja razstave \u2013 napisali bodo podnaslove k svojim izdelkom, razmislili bodo o njihovi postavitvi, si izmislili naslov \u2026 Sledi odprtje z manj\u0161o pogostitvijo.<\/p>\n","protected":false},"excerpt":{"rendered":"<p>Teorija in praksa se bosta ustvarjalno dru\u017eili na novih delavnicah KUD-a Anarhiv. Otroke stare med 9 in 15 let vabimo, naj se nam pridru\u017eijo pri igrivem raziskovanju obdobij umetnostne zgodovine. Delavnica je namenjena kraj\u0161emu spoznavanju umetnostnih obdobij in ustvarjanju izdelkov iz naravnih materialov v povezavi s spoznanim obdobjem. Zaklju\u010dek delavnic pa bo povzela\u00a0 razstava nastalih [&hellip;]<\/p>\n","protected":false},"author":7,"featured_media":0,"comment_status":"closed","ping_status":"closed","sticky":false,"template":"","format":"standard","meta":{"footnotes":""},"categories":[3],"tags":[],"class_list":["post-202","post","type-post","status-publish","format-standard","hentry","category-info"],"_links":{"self":[{"href":"https:\/\/kudanarhiv.org\/index.php?rest_route=\/wp\/v2\/posts\/202","targetHints":{"allow":["GET"]}}],"collection":[{"href":"https:\/\/kudanarhiv.org\/index.php?rest_route=\/wp\/v2\/posts"}],"about":[{"href":"https:\/\/kudanarhiv.org\/index.php?rest_route=\/wp\/v2\/types\/post"}],"author":[{"embeddable":true,"href":"https:\/\/kudanarhiv.org\/index.php?rest_route=\/wp\/v2\/users\/7"}],"replies":[{"embeddable":true,"href":"https:\/\/kudanarhiv.org\/index.php?rest_route=%2Fwp%2Fv2%2Fcomments&post=202"}],"version-history":[{"count":2,"href":"https:\/\/kudanarhiv.org\/index.php?rest_route=\/wp\/v2\/posts\/202\/revisions"}],"predecessor-version":[{"id":204,"href":"https:\/\/kudanarhiv.org\/index.php?rest_route=\/wp\/v2\/posts\/202\/revisions\/204"}],"wp:attachment":[{"href":"https:\/\/kudanarhiv.org\/index.php?rest_route=%2Fwp%2Fv2%2Fmedia&parent=202"}],"wp:term":[{"taxonomy":"category","embeddable":true,"href":"https:\/\/kudanarhiv.org\/index.php?rest_route=%2Fwp%2Fv2%2Fcategories&post=202"},{"taxonomy":"post_tag","embeddable":true,"href":"https:\/\/kudanarhiv.org\/index.php?rest_route=%2Fwp%2Fv2%2Ftags&post=202"}],"curies":[{"name":"wp","href":"https:\/\/api.w.org\/{rel}","templated":true}]}}