{"id":212,"date":"2013-10-28T21:01:31","date_gmt":"2013-10-28T20:01:31","guid":{"rendered":"http:\/\/kudanarhiv.org\/?p=212"},"modified":"2013-10-28T21:04:08","modified_gmt":"2013-10-28T20:04:08","slug":"otroske-delavnice-v-polnem-zagonu","status":"publish","type":"post","link":"https:\/\/kudanarhiv.org\/?p=212","title":{"rendered":"Otro\u0161ke delavnice v polnem zagonu&#8230;"},"content":{"rendered":"<p>Dragi otroci, dragi star\u0161i.<\/p>\n<p>Na\u0161e delavnice so v polnem zagonu. Danes smo bili zelo pridni. \u017de navsezgodaj smo poskrbeli za pti\u010dke, ki smo jim naredili \u010disto prave krmilnice in to celo iz navadnih, odvr\u017eenih plastenk. S pisanim \u017eivljenjem pti\u010dkov smo se spoznavali ob pravljici in glasbeni spremljavi flavte, za konec pa smo z zdravimi prigrizki napolnili \u0161e na\u0161e \u017eelod\u010dke. Ko se je dopoldne prevesilo v popoldne, so se otroci spoznavali z umetnostmi obdobji, ob tem pa so si kreativno poslikali majice s \u010disto pravimi motivi anti\u010dnih vaz.<\/p>\n<p>Seveda bi bilo \u0161koda, da bi se tako prijetna dru\u017eenja \u017ee kar kon\u010dala; tako nadaljujemo jutri. Za\u010dnemo ob desetih, z drugim delom prvega sklopa delavnic &#8220;De\u017eela \u0161kratkov&#8221;, pri \u010demer se bomo iz objema jeseni in izdelave \u010disto pravih igra\u010dk iz darov narave ter \u0161katel, ki bi jih sicer zavrgli, poslovili ob 13h, ko se pri\u010dne drugi sklop delavnic &#8220;Kamen, \u0161karje, papir &#8211; ustvarjam po obdobjih&#8221;, na katerega ste sr\u010dno vabljeni tudi otroci, stari od sedem let dalje.<\/p>\n<p>Se vidimo jutri!<\/p>\n<p>Va\u0161e prijave pa \u0161e naprej sprejemamo na skratovcital(at)gmail.com za &#8220;De\u017eelo \u0161kratkov&#8221; in na\u00a0izza.ogla(at)gmail.com\u00a0za sklop &#8220;Kamen, \u0161karje, papir &#8211; ustvarjam po obdobjih&#8221;.<\/p>\n<p>Vse delavnice so seveda brezpla\u010dne.<\/p>\n<p>Nekaj fotografijj iz sklopa dopoldanskih delavnic:<\/p>\n<p><a href=\"http:\/\/kudanarhiv.org\/wp-content\/uploads\/2013\/10\/del1011.jpg\"><img loading=\"lazy\" decoding=\"async\" class=\"aligncenter size-medium wp-image-215\" alt=\"\" src=\"http:\/\/kudanarhiv.org\/wp-content\/uploads\/2013\/10\/del1011-179x300.jpg\" width=\"179\" height=\"300\" srcset=\"https:\/\/kudanarhiv.org\/wp-content\/uploads\/2013\/10\/del1011-179x300.jpg 179w, https:\/\/kudanarhiv.org\/wp-content\/uploads\/2013\/10\/del1011-613x1024.jpg 613w, https:\/\/kudanarhiv.org\/wp-content\/uploads\/2013\/10\/del1011-624x1042.jpg 624w, https:\/\/kudanarhiv.org\/wp-content\/uploads\/2013\/10\/del1011.jpg 1552w\" sizes=\"auto, (max-width: 179px) 100vw, 179px\" \/><\/a><\/p>\n<p>&nbsp;<\/p>\n<p>&nbsp;<\/p>\n<p><a href=\"http:\/\/kudanarhiv.org\/wp-content\/uploads\/2013\/10\/del11.jpg\"><img loading=\"lazy\" decoding=\"async\" class=\"aligncenter size-medium wp-image-216\" alt=\"\" src=\"http:\/\/kudanarhiv.org\/wp-content\/uploads\/2013\/10\/del11-300x179.jpg\" width=\"300\" height=\"179\" srcset=\"https:\/\/kudanarhiv.org\/wp-content\/uploads\/2013\/10\/del11-300x179.jpg 300w, https:\/\/kudanarhiv.org\/wp-content\/uploads\/2013\/10\/del11-1024x613.jpg 1024w, https:\/\/kudanarhiv.org\/wp-content\/uploads\/2013\/10\/del11-624x373.jpg 624w\" sizes=\"auto, (max-width: 300px) 100vw, 300px\" \/><\/a><\/p>\n<p>Ena od poslikanih majic umetni\u0161kih delavnic:\u00a0<a href=\"http:\/\/kudanarhiv.org\/wp-content\/uploads\/2013\/10\/slikcadela2.jpg\"><img loading=\"lazy\" decoding=\"async\" class=\"aligncenter size-medium wp-image-213\" alt=\"\" src=\"http:\/\/kudanarhiv.org\/wp-content\/uploads\/2013\/10\/slikcadela2-300x225.jpg\" width=\"300\" height=\"225\" srcset=\"https:\/\/kudanarhiv.org\/wp-content\/uploads\/2013\/10\/slikcadela2-300x225.jpg 300w, https:\/\/kudanarhiv.org\/wp-content\/uploads\/2013\/10\/slikcadela2-624x468.jpg 624w, https:\/\/kudanarhiv.org\/wp-content\/uploads\/2013\/10\/slikcadela2.jpg 960w\" sizes=\"auto, (max-width: 300px) 100vw, 300px\" \/><\/a><\/p>\n","protected":false},"excerpt":{"rendered":"<p>Dragi otroci, dragi star\u0161i. Na\u0161e delavnice so v polnem zagonu. Danes smo bili zelo pridni. \u017de navsezgodaj smo poskrbeli za pti\u010dke, ki smo jim naredili \u010disto prave krmilnice in to celo iz navadnih, odvr\u017eenih plastenk. S pisanim \u017eivljenjem pti\u010dkov smo se spoznavali ob pravljici in glasbeni spremljavi flavte, za konec pa smo z zdravimi prigrizki [&hellip;]<\/p>\n","protected":false},"author":2,"featured_media":0,"comment_status":"closed","ping_status":"closed","sticky":false,"template":"","format":"standard","meta":{"footnotes":""},"categories":[3],"tags":[],"class_list":["post-212","post","type-post","status-publish","format-standard","hentry","category-info"],"_links":{"self":[{"href":"https:\/\/kudanarhiv.org\/index.php?rest_route=\/wp\/v2\/posts\/212","targetHints":{"allow":["GET"]}}],"collection":[{"href":"https:\/\/kudanarhiv.org\/index.php?rest_route=\/wp\/v2\/posts"}],"about":[{"href":"https:\/\/kudanarhiv.org\/index.php?rest_route=\/wp\/v2\/types\/post"}],"author":[{"embeddable":true,"href":"https:\/\/kudanarhiv.org\/index.php?rest_route=\/wp\/v2\/users\/2"}],"replies":[{"embeddable":true,"href":"https:\/\/kudanarhiv.org\/index.php?rest_route=%2Fwp%2Fv2%2Fcomments&post=212"}],"version-history":[{"count":3,"href":"https:\/\/kudanarhiv.org\/index.php?rest_route=\/wp\/v2\/posts\/212\/revisions"}],"predecessor-version":[{"id":219,"href":"https:\/\/kudanarhiv.org\/index.php?rest_route=\/wp\/v2\/posts\/212\/revisions\/219"}],"wp:attachment":[{"href":"https:\/\/kudanarhiv.org\/index.php?rest_route=%2Fwp%2Fv2%2Fmedia&parent=212"}],"wp:term":[{"taxonomy":"category","embeddable":true,"href":"https:\/\/kudanarhiv.org\/index.php?rest_route=%2Fwp%2Fv2%2Fcategories&post=212"},{"taxonomy":"post_tag","embeddable":true,"href":"https:\/\/kudanarhiv.org\/index.php?rest_route=%2Fwp%2Fv2%2Ftags&post=212"}],"curies":[{"name":"wp","href":"https:\/\/api.w.org\/{rel}","templated":true}]}}