{"id":221,"date":"2013-11-05T12:32:00","date_gmt":"2013-11-05T11:32:00","guid":{"rendered":"http:\/\/kudanarhiv.org\/?p=221"},"modified":"2013-11-05T12:40:33","modified_gmt":"2013-11-05T11:40:33","slug":"skratovska-virtualna-spominska-galerija-in-dnevnik","status":"publish","type":"post","link":"https:\/\/kudanarhiv.org\/?p=221","title":{"rendered":"\u0160kratovska virtualna spominska galerija in dnevnik"},"content":{"rendered":"<p>Izdelki brezpla\u010dnih delavnic v okviru medgeneracijskega projekta De\u017eela \u0161kratkov so kon\u010dani, niso pa se kon\u010dali prelepi vtisi, dobra volja, pisana do\u017eivetja, predvsem pa spomini, ki so z vsakim dnem bolj \u017eivi.<\/p>\n<p>\u0160kratki smo med krompirjevi po\u010ditnicami prek jeseni kot osrednje teme spoznavali pravice \u017eivali, se pogovarjali o pomenu recikla\u017ee in trajnostnem razvoju, ne nazadanje pa smo posredno spregovorili tudi o odnosu med \u010dlovekom in \u017eivaljo, ki ga, kot vemo po Agambenu ne gre razumeti dobesedno, temve\u010d kot izraz \u0161ir\u0161e dru\u017ebeno-politi\u010dne konfiguracije.<\/p>\n<p>No, z otroki razli\u010dnih starosti se sicer nismo zapletali v razpravljanje o filozofskih problemih, smo pa, poleg izdelovanja izdelkov, tudi zaplesali in se ob glasbeni spremljavi kljunaste flavte nau\u010dili kar nekaj Biten\u010devih pesmic.<\/p>\n<p>Po koncu vsakega dne smo skupaj pripravili \u0161e zdravo malico iz bio izdelkov, ki nam jih je prijazno doniralo podjetje Mercator d.d.<\/p>\n<p>Ker smo serialne medgeneracijske delavnice <em>De\u017eele \u0161kratkov<\/em> zasnovali kot cikel, pri \u010demer smo dve delavnici izvedli \u017ee med poletjem, se bomo, dragi otroci in star\u0161i, sre\u010dali \u0161e enkrat. \u010ce smo v vro\u010dih poletnih mesecih govorili o poletju in o samopreskrbi, jeseni pa o izjemni dragocenosti mame narave, bomo v zadnjih decembrskih dneh ob izdelavi bo\u017ei\u010dno-novoletnih \u010destitk spregovorili o zimi.<\/p>\n<p>Vabljeni, da se nam pridru\u017eite tudi decembra, do na\u0161ega novega sre\u010danja pa si spodaj lahko ogledate nekaj utrinkov s krompirjevih delavnic:<\/p>\n<p><a href=\"http:\/\/kudanarhiv.org\/wp-content\/uploads\/2013\/11\/IMAG10501.jpg\"><img loading=\"lazy\" decoding=\"async\" class=\"aligncenter size-medium wp-image-224\" alt=\"\" src=\"http:\/\/kudanarhiv.org\/wp-content\/uploads\/2013\/11\/IMAG10501-179x300.jpg\" width=\"179\" height=\"300\" srcset=\"https:\/\/kudanarhiv.org\/wp-content\/uploads\/2013\/11\/IMAG10501-179x300.jpg 179w, https:\/\/kudanarhiv.org\/wp-content\/uploads\/2013\/11\/IMAG10501-613x1024.jpg 613w, https:\/\/kudanarhiv.org\/wp-content\/uploads\/2013\/11\/IMAG10501-624x1042.jpg 624w, https:\/\/kudanarhiv.org\/wp-content\/uploads\/2013\/11\/IMAG10501.jpg 1552w\" sizes=\"auto, (max-width: 179px) 100vw, 179px\" \/><\/a><\/p>\n<p>&nbsp;<\/p>\n<p><a href=\"http:\/\/kudanarhiv.org\/wp-content\/uploads\/2013\/11\/IMAG10571.jpg\"><img loading=\"lazy\" decoding=\"async\" class=\"aligncenter size-medium wp-image-223\" alt=\"\" src=\"http:\/\/kudanarhiv.org\/wp-content\/uploads\/2013\/11\/IMAG10571-179x300.jpg\" width=\"179\" height=\"300\" srcset=\"https:\/\/kudanarhiv.org\/wp-content\/uploads\/2013\/11\/IMAG10571-179x300.jpg 179w, https:\/\/kudanarhiv.org\/wp-content\/uploads\/2013\/11\/IMAG10571-613x1024.jpg 613w, https:\/\/kudanarhiv.org\/wp-content\/uploads\/2013\/11\/IMAG10571-624x1042.jpg 624w, https:\/\/kudanarhiv.org\/wp-content\/uploads\/2013\/11\/IMAG10571.jpg 1552w\" sizes=\"auto, (max-width: 179px) 100vw, 179px\" \/><\/a><\/p>\n<p style=\"text-align: center;\"><a href=\"http:\/\/kudanarhiv.org\/wp-content\/uploads\/2013\/11\/IMAG10611.jpg\"><img loading=\"lazy\" decoding=\"async\" class=\"aligncenter size-medium wp-image-225\" alt=\"\" src=\"http:\/\/kudanarhiv.org\/wp-content\/uploads\/2013\/11\/IMAG10611-179x300.jpg\" width=\"179\" height=\"300\" srcset=\"https:\/\/kudanarhiv.org\/wp-content\/uploads\/2013\/11\/IMAG10611-179x300.jpg 179w, https:\/\/kudanarhiv.org\/wp-content\/uploads\/2013\/11\/IMAG10611-613x1024.jpg 613w, https:\/\/kudanarhiv.org\/wp-content\/uploads\/2013\/11\/IMAG10611-624x1042.jpg 624w, https:\/\/kudanarhiv.org\/wp-content\/uploads\/2013\/11\/IMAG10611.jpg 1552w\" sizes=\"auto, (max-width: 179px) 100vw, 179px\" \/><\/a><\/p>\n<p style=\"text-align: center;\"><a href=\"http:\/\/kudanarhiv.org\/wp-content\/uploads\/2013\/11\/IMAG10471.jpg\"><img loading=\"lazy\" decoding=\"async\" class=\"aligncenter size-medium wp-image-226\" alt=\"\" src=\"http:\/\/kudanarhiv.org\/wp-content\/uploads\/2013\/11\/IMAG10471-179x300.jpg\" width=\"179\" height=\"300\" srcset=\"https:\/\/kudanarhiv.org\/wp-content\/uploads\/2013\/11\/IMAG10471-179x300.jpg 179w, https:\/\/kudanarhiv.org\/wp-content\/uploads\/2013\/11\/IMAG10471-613x1024.jpg 613w, https:\/\/kudanarhiv.org\/wp-content\/uploads\/2013\/11\/IMAG10471-624x1042.jpg 624w, https:\/\/kudanarhiv.org\/wp-content\/uploads\/2013\/11\/IMAG10471.jpg 1552w\" sizes=\"auto, (max-width: 179px) 100vw, 179px\" \/><\/a><\/p>\n<p style=\"text-align: center;\"><a href=\"http:\/\/kudanarhiv.org\/wp-content\/uploads\/2013\/11\/IMAG10591.jpg\"><img loading=\"lazy\" decoding=\"async\" class=\"aligncenter size-medium wp-image-227\" alt=\"\" src=\"http:\/\/kudanarhiv.org\/wp-content\/uploads\/2013\/11\/IMAG10591-179x300.jpg\" width=\"179\" height=\"300\" srcset=\"https:\/\/kudanarhiv.org\/wp-content\/uploads\/2013\/11\/IMAG10591-179x300.jpg 179w, https:\/\/kudanarhiv.org\/wp-content\/uploads\/2013\/11\/IMAG10591-613x1024.jpg 613w, https:\/\/kudanarhiv.org\/wp-content\/uploads\/2013\/11\/IMAG10591-624x1042.jpg 624w, https:\/\/kudanarhiv.org\/wp-content\/uploads\/2013\/11\/IMAG10591.jpg 1552w\" sizes=\"auto, (max-width: 179px) 100vw, 179px\" \/><\/a><\/p>\n<p style=\"text-align: center;\"><a href=\"http:\/\/kudanarhiv.org\/wp-content\/uploads\/2013\/11\/IMAG106911.jpg\"><img loading=\"lazy\" decoding=\"async\" class=\"aligncenter size-medium wp-image-229\" alt=\"\" src=\"http:\/\/kudanarhiv.org\/wp-content\/uploads\/2013\/11\/IMAG106911-179x300.jpg\" width=\"179\" height=\"300\" srcset=\"https:\/\/kudanarhiv.org\/wp-content\/uploads\/2013\/11\/IMAG106911-179x300.jpg 179w, https:\/\/kudanarhiv.org\/wp-content\/uploads\/2013\/11\/IMAG106911-613x1024.jpg 613w, https:\/\/kudanarhiv.org\/wp-content\/uploads\/2013\/11\/IMAG106911-624x1042.jpg 624w, https:\/\/kudanarhiv.org\/wp-content\/uploads\/2013\/11\/IMAG106911.jpg 1552w\" sizes=\"auto, (max-width: 179px) 100vw, 179px\" \/><\/a><\/p>\n<p style=\"text-align: left;\"><a href=\"http:\/\/kudanarhiv.org\/wp-content\/uploads\/2013\/11\/IMAG10741.jpg\"><img loading=\"lazy\" decoding=\"async\" class=\"aligncenter size-medium wp-image-230\" alt=\"\" src=\"http:\/\/kudanarhiv.org\/wp-content\/uploads\/2013\/11\/IMAG10741-179x300.jpg\" width=\"179\" height=\"300\" srcset=\"https:\/\/kudanarhiv.org\/wp-content\/uploads\/2013\/11\/IMAG10741-179x300.jpg 179w, https:\/\/kudanarhiv.org\/wp-content\/uploads\/2013\/11\/IMAG10741-613x1024.jpg 613w, https:\/\/kudanarhiv.org\/wp-content\/uploads\/2013\/11\/IMAG10741-624x1042.jpg 624w, https:\/\/kudanarhiv.org\/wp-content\/uploads\/2013\/11\/IMAG10741.jpg 1552w\" sizes=\"auto, (max-width: 179px) 100vw, 179px\" \/><\/a><\/p>\n<p style=\"text-align: left;\">Dragi otroci in star\u0161i, preostale fotografije si boste lahko ogledali na prav posebni spletni strani projekta, in sicer na strani\u00a0<a href=\"http:\/\/kudanarhiv.org\/skratki\/\">http:\/\/kudanarhiv.org\/skratki\/<\/a>. Naj ob tem izkoristimo \u0161e prilo\u017enost za zahvalo na\u0161ima prostovoljkama in prostovoljcem: Mojci in Zrni, Toma\u017eu, An\u017eetu in Titu.<\/p>\n<p style=\"text-align: left;\">&#8212;<\/p>\n<p style=\"text-align: left;\"><em>Projekt, ki ga izvajamo skupaj z MSUM, so finan\u010dno podprli \u0160OU, Mol-Urad za mladino in Mercator d.d. (donacije bio izdelkov).\u00a0<\/em><\/p>\n<p>&nbsp;<\/p>\n","protected":false},"excerpt":{"rendered":"<p>Izdelki brezpla\u010dnih delavnic v okviru medgeneracijskega projekta De\u017eela \u0161kratkov so kon\u010dani, niso pa se kon\u010dali prelepi vtisi, dobra volja, pisana do\u017eivetja, predvsem pa spomini, ki so z vsakim dnem bolj \u017eivi. \u0160kratki smo med krompirjevi po\u010ditnicami prek jeseni kot osrednje teme spoznavali pravice \u017eivali, se pogovarjali o pomenu recikla\u017ee in trajnostnem razvoju, ne nazadanje pa [&hellip;]<\/p>\n","protected":false},"author":2,"featured_media":0,"comment_status":"closed","ping_status":"closed","sticky":false,"template":"","format":"standard","meta":{"footnotes":""},"categories":[3],"tags":[],"class_list":["post-221","post","type-post","status-publish","format-standard","hentry","category-info"],"_links":{"self":[{"href":"https:\/\/kudanarhiv.org\/index.php?rest_route=\/wp\/v2\/posts\/221","targetHints":{"allow":["GET"]}}],"collection":[{"href":"https:\/\/kudanarhiv.org\/index.php?rest_route=\/wp\/v2\/posts"}],"about":[{"href":"https:\/\/kudanarhiv.org\/index.php?rest_route=\/wp\/v2\/types\/post"}],"author":[{"embeddable":true,"href":"https:\/\/kudanarhiv.org\/index.php?rest_route=\/wp\/v2\/users\/2"}],"replies":[{"embeddable":true,"href":"https:\/\/kudanarhiv.org\/index.php?rest_route=%2Fwp%2Fv2%2Fcomments&post=221"}],"version-history":[{"count":5,"href":"https:\/\/kudanarhiv.org\/index.php?rest_route=\/wp\/v2\/posts\/221\/revisions"}],"predecessor-version":[{"id":235,"href":"https:\/\/kudanarhiv.org\/index.php?rest_route=\/wp\/v2\/posts\/221\/revisions\/235"}],"wp:attachment":[{"href":"https:\/\/kudanarhiv.org\/index.php?rest_route=%2Fwp%2Fv2%2Fmedia&parent=221"}],"wp:term":[{"taxonomy":"category","embeddable":true,"href":"https:\/\/kudanarhiv.org\/index.php?rest_route=%2Fwp%2Fv2%2Fcategories&post=221"},{"taxonomy":"post_tag","embeddable":true,"href":"https:\/\/kudanarhiv.org\/index.php?rest_route=%2Fwp%2Fv2%2Ftags&post=221"}],"curies":[{"name":"wp","href":"https:\/\/api.w.org\/{rel}","templated":true}]}}