{"id":238,"date":"2013-11-13T13:40:01","date_gmt":"2013-11-13T12:40:01","guid":{"rendered":"http:\/\/kudanarhiv.org\/?p=238"},"modified":"2013-11-13T23:26:08","modified_gmt":"2013-11-13T22:26:08","slug":"razpisujemo-javni-natecaj-za-najboljsi-esej-v-treh-kategorijah-vabljeni-k-sodelovanju","status":"publish","type":"post","link":"https:\/\/kudanarhiv.org\/?p=238","title":{"rendered":"Razpisujemo javni nate\u010daj za najbolj\u0161i esej v treh kategorijah! Vabljeni k sodelovanju!"},"content":{"rendered":"<h1 align=\"center\"><b>\u0160kratov\u00a0nate\u010daj\u00a02013<\/b><\/h1>\n<h1 align=\"center\"><b><i>Kdo smo, kje smo, kam gremo?<\/i><\/b><\/h1>\n<p style=\"text-align: center;\"><a href=\"http:\/\/kudanarhiv.org\/wp-content\/uploads\/2013\/11\/besedilo-natecaja2.jpg\"><img loading=\"lazy\" decoding=\"async\" class=\"aligncenter size-large wp-image-247\" alt=\"\" src=\"http:\/\/kudanarhiv.org\/wp-content\/uploads\/2013\/11\/besedilo-natecaja2-723x1024.jpg\" width=\"625\" height=\"885\" srcset=\"https:\/\/kudanarhiv.org\/wp-content\/uploads\/2013\/11\/besedilo-natecaja2-723x1024.jpg 723w, https:\/\/kudanarhiv.org\/wp-content\/uploads\/2013\/11\/besedilo-natecaja2-212x300.jpg 212w, https:\/\/kudanarhiv.org\/wp-content\/uploads\/2013\/11\/besedilo-natecaja2.jpg 1000w\" sizes=\"auto, (max-width: 625px) 100vw, 625px\" \/><\/a><\/p>\n<p style=\"text-align: center;\">Kulturno umetni\u0161ko dru\u0161tvo Anarhiv razpisuje javni\u00a0nate\u010daj\u00a0za najbolj\u0161i esej v treh kategorijah: v kategoriji za najbolj\u0161i dija\u0161ki esej, v kategoriji za najbolj\u0161i \u0161tudentski esej in v kategoriji \u00bbv\u00ab. S slednjo \u017eelimo opozoriti na vse ve\u010djo skupino prekariziranih mladih, ki so bodisi zaklju\u010dili \u0161olanje, a ne najdejo zaposlitve bodisi mladih, ki se morajo zadovoljiti s slabo pla\u010danimi prekariziranimi deli brez vsakr\u0161nih socialnih pravic.<\/p>\n<p style=\"text-align: center;\">Z nate\u010dajem \u017eelimo odpreti javno debato o prihodnosti slovenske dru\u017ebe glede\u00a0na\u00a0\u0161ir\u0161e dogajanje v evropskem oziroma globalnem prostoru, toda s prav posebnim poudarkom na\u00a0mestu in vlogi mladih v slovenski dru\u017ebi.<\/p>\n<p style=\"text-align: center;\">Nekaj izto\u010dnic za pisanje esejev:<\/p>\n<p style=\"text-align: center;\">\u2013\u00a0\u00a0\u00a0\u00a0\u00a0\u00a0\u00a0\u00a0\u00a0kaj so po va\u0161em klju\u010dni problemi slovenske dru\u017ebe,<\/p>\n<p style=\"text-align: center;\">\u2013\u00a0\u00a0\u00a0\u00a0\u00a0\u00a0\u00a0\u00a0\u00a0kako vidite svoje mesto, vlogo in predvsem prihodnost v slovenski dru\u017ebi,<\/p>\n<p style=\"text-align: center;\">\u2013\u00a0\u00a0\u00a0\u00a0\u00a0\u00a0\u00a0\u00a0\u00a0v kak\u0161ni dru\u017ebi si \u017eelite \u017eiveti in<\/p>\n<p style=\"text-align: center;\">\u2013\u00a0\u00a0\u00a0\u00a0\u00a0\u00a0\u00a0\u00a0\u00a0kako bi to dosegli&#8230;<\/p>\n<p style=\"text-align: center;\">Najbolj\u0161i eseji (vse tri kategorije bodo ocenjevane lo\u010deno) bodo nagrajeni s knji\u017enimi nagradami iz \u0160kratove knji\u017ene zbirke, Zalo\u017eb Litera, Modrijan in Svet knjige ter s publikacijami Dru\u0161tva za \u0161irjenje filmske kulture KINO!<\/p>\n<p style=\"text-align: center;\">Eseji bodo objavljeni na spletni strani dru\u0161tva KUD Anarhiv (<a href=\"http:\/\/kudanarhiv.org\/\" target=\"_blank\">kudanarhiv.org<\/a>) ter\u00a0v posebni zlo\u017eenki, ki jo bomo pripravili v okviru projektnih platform \u00bbAktivna sedanjost je prihodnost!\u00ab in \u00bb\u0160kratova \u010citalnica\u00ab.<\/p>\n<p style=\"text-align: center;\">Avtorici oziroma avtorju NAJBOLJ\u0160EGA ESEJA v posamezni kategoriji bomo v okviru zmo\u017enosti dru\u0161tva ponudili mo\u017enost realizacije poslanih idej in predlogov, hkrati pa omogo\u010dili skupno delovno sre\u010danje, na katerem bomo formulirali manifest mladih za slovensko dru\u017ebo 21. stoletja.<\/p>\n<p style=\"text-align: center;\">Navodila za pisanje:<\/p>\n<p style=\"text-align: center;\">\u2013\u00a0\u00a0\u00a0\u00a0\u00a0\u00a0\u00a0\u00a0\u00a0pisava Times New Roman, velikost 12<\/p>\n<p style=\"text-align: center;\">\u2013\u00a0\u00a0\u00a0\u00a0\u00a0\u00a0\u00a0\u00a0\u00a0naslov eseja<\/p>\n<p style=\"text-align: center;\">\u2013\u00a0\u00a0\u00a0\u00a0\u00a0\u00a0\u00a0\u00a0\u00a0kontaktni podatki (ime in priimek, email naslov, telefonska \u0161tevilka)<\/p>\n<p style=\"text-align: center;\">\u2013\u00a0\u00a0\u00a0\u00a0\u00a0\u00a0\u00a0\u00a0\u00a01.5. razmik med vrsticami<\/p>\n<p style=\"text-align: center;\">\u2013\u00a0\u00a0\u00a0\u00a0\u00a0\u00a0\u00a0\u00a0\u00a0besedilo naj bo dolgo do 5 strani<\/p>\n<p style=\"text-align: center;\"><strong>\u2013\u00a0\u00a0\u00a0\u00a0\u00a0\u00a0\u00a0\u00a0\u00a0rok oddaje 15.12.2013 (velja \u017eig)<\/strong><\/p>\n<p style=\"text-align: center;\">Va\u0161e eseje po\u0161ljete\u00a0na\u00a0email naslov skratovacital(at)gmail.com, pri \u010demer v \u00bbzadevo\u00ab napi\u0161ete tekmovalno kategorijo. Eseje po\u0161ljete tudi na\u00a0spodnji naslov, s pripisom kategorije.<\/p>\n<p style=\"text-align: center;\">Kulturno umetni\u0161ko dru\u0161tvo Anarhiv<\/p>\n<p style=\"text-align: center;\">Metelkova 6<\/p>\n<p style=\"text-align: center;\">1000 Ljubljana<\/p>\n<p style=\"text-align: center;\"><a href=\"http:\/\/kudanarhiv.org\/\" target=\"_blank\">http:\/\/kudanarhiv.org\/<\/a><\/p>\n<h5 style=\"text-align: center;\">\u0160kratov nate\u010daj 2013 organizira Kulturno umetni\u0161ko dru\u0161tvo Anarhiv. Nate\u010daj se bo odvijal v okviru projektov \u00bb\u0160kratova \u010citalnica\u00ab in \u00bbAktivna sedanjost je prihodnost!\u00ab. Finan\u010dno projekta podpirata \u0160tudentska organizacija v Ljubljani \u0160OU in Mestna ob\u010dina Ljubljana \u2013 Urad za mladino. Projekta podpirata tudi YHD in KUD Mre\u017ea, za knji\u017ene nagrade so poskrbeli Zalo\u017eba Litera, Zalo\u017eba Modrijan, Svet knjige in Dru\u0161tvo za razvoj filmske kulture KINO!<\/h5>\n","protected":false},"excerpt":{"rendered":"<p>\u0160kratov\u00a0nate\u010daj\u00a02013 Kdo smo, kje smo, kam gremo? Kulturno umetni\u0161ko dru\u0161tvo Anarhiv razpisuje javni\u00a0nate\u010daj\u00a0za najbolj\u0161i esej v treh kategorijah: v kategoriji za najbolj\u0161i dija\u0161ki esej, v kategoriji za najbolj\u0161i \u0161tudentski esej in v kategoriji \u00bbv\u00ab. S slednjo \u017eelimo opozoriti na vse ve\u010djo skupino prekariziranih mladih, ki so bodisi zaklju\u010dili \u0161olanje, a ne najdejo zaposlitve bodisi mladih, [&hellip;]<\/p>\n","protected":false},"author":4,"featured_media":0,"comment_status":"closed","ping_status":"closed","sticky":false,"template":"","format":"standard","meta":{"footnotes":""},"categories":[3],"tags":[],"class_list":["post-238","post","type-post","status-publish","format-standard","hentry","category-info"],"_links":{"self":[{"href":"https:\/\/kudanarhiv.org\/index.php?rest_route=\/wp\/v2\/posts\/238","targetHints":{"allow":["GET"]}}],"collection":[{"href":"https:\/\/kudanarhiv.org\/index.php?rest_route=\/wp\/v2\/posts"}],"about":[{"href":"https:\/\/kudanarhiv.org\/index.php?rest_route=\/wp\/v2\/types\/post"}],"author":[{"embeddable":true,"href":"https:\/\/kudanarhiv.org\/index.php?rest_route=\/wp\/v2\/users\/4"}],"replies":[{"embeddable":true,"href":"https:\/\/kudanarhiv.org\/index.php?rest_route=%2Fwp%2Fv2%2Fcomments&post=238"}],"version-history":[{"count":6,"href":"https:\/\/kudanarhiv.org\/index.php?rest_route=\/wp\/v2\/posts\/238\/revisions"}],"predecessor-version":[{"id":248,"href":"https:\/\/kudanarhiv.org\/index.php?rest_route=\/wp\/v2\/posts\/238\/revisions\/248"}],"wp:attachment":[{"href":"https:\/\/kudanarhiv.org\/index.php?rest_route=%2Fwp%2Fv2%2Fmedia&parent=238"}],"wp:term":[{"taxonomy":"category","embeddable":true,"href":"https:\/\/kudanarhiv.org\/index.php?rest_route=%2Fwp%2Fv2%2Fcategories&post=238"},{"taxonomy":"post_tag","embeddable":true,"href":"https:\/\/kudanarhiv.org\/index.php?rest_route=%2Fwp%2Fv2%2Ftags&post=238"}],"curies":[{"name":"wp","href":"https:\/\/api.w.org\/{rel}","templated":true}]}}