{"id":2556,"date":"2020-04-17T12:05:20","date_gmt":"2020-04-17T10:05:20","guid":{"rendered":"http:\/\/kudanarhiv.org\/?p=2556"},"modified":"2020-07-19T13:44:39","modified_gmt":"2020-07-19T11:44:39","slug":"evropski-dan-informiranja-mladih","status":"publish","type":"post","link":"https:\/\/kudanarhiv.org\/?p=2556","title":{"rendered":"Evropski dan informiranja mladih"},"content":{"rendered":"\n<p class=\"has-text-align-center\">Danes 17. aprila praznujemo Evropski dan informiranja mladih!<\/p>\n\n\n\n<div class=\"wp-block-image\"><figure class=\"aligncenter size-large\"><img loading=\"lazy\" decoding=\"async\" width=\"1024\" height=\"1024\" src=\"http:\/\/kudanarhiv.org\/wp-content\/uploads\/2020\/04\/eyid-organizacije_5-1024x1024.jpg\" alt=\"\" class=\"wp-image-2557\" srcset=\"https:\/\/kudanarhiv.org\/wp-content\/uploads\/2020\/04\/eyid-organizacije_5-1024x1024.jpg 1024w, https:\/\/kudanarhiv.org\/wp-content\/uploads\/2020\/04\/eyid-organizacije_5-300x300.jpg 300w, https:\/\/kudanarhiv.org\/wp-content\/uploads\/2020\/04\/eyid-organizacije_5-150x150.jpg 150w, https:\/\/kudanarhiv.org\/wp-content\/uploads\/2020\/04\/eyid-organizacije_5-768x768.jpg 768w, https:\/\/kudanarhiv.org\/wp-content\/uploads\/2020\/04\/eyid-organizacije_5-1536x1536.jpg 1536w, https:\/\/kudanarhiv.org\/wp-content\/uploads\/2020\/04\/eyid-organizacije_5-2048x2048.jpg 2048w\" sizes=\"auto, (max-width: 1024px) 100vw, 1024px\" \/><\/figure><\/div>\n\n\n\n<p class=\"has-text-align-center\">Za obele\u017eitev dejavnosti mladinskega informiranja, tj. spremljanja, obve\u0161\u010danja, svetovanja &#8230; nudenja pomo\u010di, smo letos dan posvetili ozave\u0161\u010danju o podnebnih spremembah.<\/p>\n\n\n\n<div class=\"wp-block-image\"><figure class=\"aligncenter size-large\"><img loading=\"lazy\" decoding=\"async\" width=\"1024\" height=\"1024\" src=\"http:\/\/kudanarhiv.org\/wp-content\/uploads\/2020\/04\/eyid-organizacije_2-1-1024x1024.jpg\" alt=\"\" class=\"wp-image-2558\" srcset=\"https:\/\/kudanarhiv.org\/wp-content\/uploads\/2020\/04\/eyid-organizacije_2-1-1024x1024.jpg 1024w, https:\/\/kudanarhiv.org\/wp-content\/uploads\/2020\/04\/eyid-organizacije_2-1-300x300.jpg 300w, https:\/\/kudanarhiv.org\/wp-content\/uploads\/2020\/04\/eyid-organizacije_2-1-150x150.jpg 150w, https:\/\/kudanarhiv.org\/wp-content\/uploads\/2020\/04\/eyid-organizacije_2-1-768x768.jpg 768w, https:\/\/kudanarhiv.org\/wp-content\/uploads\/2020\/04\/eyid-organizacije_2-1-1536x1536.jpg 1536w, https:\/\/kudanarhiv.org\/wp-content\/uploads\/2020\/04\/eyid-organizacije_2-1-2048x2048.jpg 2048w\" sizes=\"auto, (max-width: 1024px) 100vw, 1024px\" \/><\/figure><\/div>\n\n\n\n<p class=\"has-text-align-center\">Ob 13.00 se bomo s \u010dlanico gibanja&nbsp;<a href=\"https:\/\/www.facebook.com\/mladizapodnebnopravicnost\/?__tn__=K-R&amp;eid=ARABn1M6FSNZcR88F4Cfyluh4D34rTWhYbna9CJ93Dv2X0GVAloGWwi1VJLzUX-zN3rtJrTBY0nBqR9F&amp;fref=mentions&amp;__xts__%5B0%5D=68.ARCI6cOvTp30Ag-aZK8_4IryXkrCWn__lmYhYo3OFs-ZocMrY_Syne22p802Eu6F0EURyJ5EgtE_EPX4JZRn8g2dNOyjxo8wzzgQhIQatlixyEXD4JEKP32VMH728d5gHlghjQ69Yvo-DUfIna38OrkDOH3FASAZZ6WwPQZ6c-oBVsmt2vs2-1B-4PrUO6--VSMCh6aVybnkhORs4htoLYC8D0R7Cpms4HL4n1eCrg_AQl-p89dvBoBjozy5x501tW9y4Tk8M08MJPxSmMXuWeHLRQz1OrZomIH4A5B92lgWDNuBvvJqiENysuFCoW8pyiMsd3DApAZpFdnLuto5BDRzimLU\">Mladi za podnebno pravi\u010dnost<\/a>&nbsp;Nicoleto Nour tako pogovarjali o vplivih na okolje in spremembah, ki jih le ti povzro\u010dajo.<\/p>\n\n\n\n<p class=\"has-text-align-center\">Pridru\u017eite se prenosu v \u017eivo na Facebooku!<\/p>\n\n\n\n<p class=\"has-text-align-center\">(Posnetek pogovora si lahko kadarkoli ogledate na <a href=\"https:\/\/youtu.be\/S24YU4eSk28\">povezavi<\/a>.)<\/p>\n\n\n\n<div class=\"wp-block-image\"><figure class=\"aligncenter size-large\"><img loading=\"lazy\" decoding=\"async\" width=\"1024\" height=\"576\" src=\"http:\/\/kudanarhiv.org\/wp-content\/uploads\/2020\/04\/93852488_2815248041884561_5101348501040660480_o-1024x576.jpg\" alt=\"\" class=\"wp-image-2559\" srcset=\"https:\/\/kudanarhiv.org\/wp-content\/uploads\/2020\/04\/93852488_2815248041884561_5101348501040660480_o-1024x576.jpg 1024w, https:\/\/kudanarhiv.org\/wp-content\/uploads\/2020\/04\/93852488_2815248041884561_5101348501040660480_o-300x169.jpg 300w, https:\/\/kudanarhiv.org\/wp-content\/uploads\/2020\/04\/93852488_2815248041884561_5101348501040660480_o-768x432.jpg 768w, https:\/\/kudanarhiv.org\/wp-content\/uploads\/2020\/04\/93852488_2815248041884561_5101348501040660480_o.jpg 1058w\" sizes=\"auto, (max-width: 1024px) 100vw, 1024px\" \/><\/figure><\/div>\n\n\n\n<p class=\"has-text-align-center\">Mladinski informacijski delavci so vam za kakr\u0161na koli vpra\u0161anja na voljo skozi vse leto na eni izmed info to\u010dk mre\u017ee&nbsp;<a href=\"https:\/\/www.facebook.com\/LMIT.org\/?__tn__=K-R&amp;eid=ARAelH2wXqXt7-nMSSKjhvS82J4oC0Ov6saptr1A0g8yp6aPM--UbnmzgQu3A2kjSnf4NsjylejeBI7Z&amp;fref=mentions&amp;__xts__%5B0%5D=68.ARCI6cOvTp30Ag-aZK8_4IryXkrCWn__lmYhYo3OFs-ZocMrY_Syne22p802Eu6F0EURyJ5EgtE_EPX4JZRn8g2dNOyjxo8wzzgQhIQatlixyEXD4JEKP32VMH728d5gHlghjQ69Yvo-DUfIna38OrkDOH3FASAZZ6WwPQZ6c-oBVsmt2vs2-1B-4PrUO6--VSMCh6aVybnkhORs4htoLYC8D0R7Cpms4HL4n1eCrg_AQl-p89dvBoBjozy5x501tW9y4Tk8M08MJPxSmMXuWeHLRQz1OrZomIH4A5B92lgWDNuBvvJqiENysuFCoW8pyiMsd3DApAZpFdnLuto5BDRzimLU\">LMIT &#8211; Ljubljanska mre\u017ea info to\u010dk<\/a>.<\/p>\n\n\n\n<p>Mre\u017eo informacijskih to\u010dk za mlade tvorijo&nbsp;<a href=\"https:\/\/www.facebook.com\/Info.center.SKUC\/?__tn__=K-R&amp;eid=ARCAX9o9WOjDGsUhJM0bb0oOd_bXS7bdHaDxxgUn6V1Az5karxu52P_RwVOUUIxhVzXcinH6QXBLPVxo&amp;fref=mentions&amp;__xts__%5B0%5D=68.ARCI6cOvTp30Ag-aZK8_4IryXkrCWn__lmYhYo3OFs-ZocMrY_Syne22p802Eu6F0EURyJ5EgtE_EPX4JZRn8g2dNOyjxo8wzzgQhIQatlixyEXD4JEKP32VMH728d5gHlghjQ69Yvo-DUfIna38OrkDOH3FASAZZ6WwPQZ6c-oBVsmt2vs2-1B-4PrUO6--VSMCh6aVybnkhORs4htoLYC8D0R7Cpms4HL4n1eCrg_AQl-p89dvBoBjozy5x501tW9y4Tk8M08MJPxSmMXuWeHLRQz1OrZomIH4A5B92lgWDNuBvvJqiENysuFCoW8pyiMsd3DApAZpFdnLuto5BDRzimLU\">Info center \u0160KUC<\/a>&nbsp;<a href=\"https:\/\/www.facebook.com\/zavodmisss\/?__tn__=K-R&amp;eid=ARCJGL6lX48Ffct9WNERgNtimyY7u4uK0-FAP0RKqXWRyYd6E0Nz0Z9P5B_-BRDtje5J-SGL2a7sHuTL&amp;fref=mentions&amp;__xts__%5B0%5D=68.ARCI6cOvTp30Ag-aZK8_4IryXkrCWn__lmYhYo3OFs-ZocMrY_Syne22p802Eu6F0EURyJ5EgtE_EPX4JZRn8g2dNOyjxo8wzzgQhIQatlixyEXD4JEKP32VMH728d5gHlghjQ69Yvo-DUfIna38OrkDOH3FASAZZ6WwPQZ6c-oBVsmt2vs2-1B-4PrUO6--VSMCh6aVybnkhORs4htoLYC8D0R7Cpms4HL4n1eCrg_AQl-p89dvBoBjozy5x501tW9y4Tk8M08MJPxSmMXuWeHLRQz1OrZomIH4A5B92lgWDNuBvvJqiENysuFCoW8pyiMsd3DApAZpFdnLuto5BDRzimLU\">Zavod Misss<\/a>&nbsp;<a href=\"https:\/\/www.facebook.com\/Legebitra\/?__tn__=K-R&amp;eid=ARDbyIOmR_P8nf9u4WewQXr3U-UqtworTuKLsZGFv4VYjMb9H6fnPqMlsAXwbHb5-cNhShyYcfrCz5sq&amp;fref=mentions&amp;__xts__%5B0%5D=68.ARCI6cOvTp30Ag-aZK8_4IryXkrCWn__lmYhYo3OFs-ZocMrY_Syne22p802Eu6F0EURyJ5EgtE_EPX4JZRn8g2dNOyjxo8wzzgQhIQatlixyEXD4JEKP32VMH728d5gHlghjQ69Yvo-DUfIna38OrkDOH3FASAZZ6WwPQZ6c-oBVsmt2vs2-1B-4PrUO6--VSMCh6aVybnkhORs4htoLYC8D0R7Cpms4HL4n1eCrg_AQl-p89dvBoBjozy5x501tW9y4Tk8M08MJPxSmMXuWeHLRQz1OrZomIH4A5B92lgWDNuBvvJqiENysuFCoW8pyiMsd3DApAZpFdnLuto5BDRzimLU\">Legebitra<\/a>&nbsp;<a href=\"https:\/\/www.facebook.com\/DrogArt\/?__tn__=K-R&amp;eid=ARAHIbSfD1guwTKx8-69-aqmCn7WQNSfvPA8XMeTM-97JOWh7Y7bl2VHxd5MJHHkUSY5k62x6UWFtO0h&amp;fref=mentions&amp;__xts__%5B0%5D=68.ARCI6cOvTp30Ag-aZK8_4IryXkrCWn__lmYhYo3OFs-ZocMrY_Syne22p802Eu6F0EURyJ5EgtE_EPX4JZRn8g2dNOyjxo8wzzgQhIQatlixyEXD4JEKP32VMH728d5gHlghjQ69Yvo-DUfIna38OrkDOH3FASAZZ6WwPQZ6c-oBVsmt2vs2-1B-4PrUO6--VSMCh6aVybnkhORs4htoLYC8D0R7Cpms4HL4n1eCrg_AQl-p89dvBoBjozy5x501tW9y4Tk8M08MJPxSmMXuWeHLRQz1OrZomIH4A5B92lgWDNuBvvJqiENysuFCoW8pyiMsd3DApAZpFdnLuto5BDRzimLU\">DrogArt<\/a>&nbsp;<a href=\"https:\/\/www.facebook.com\/conafuzine\/?__tn__=K-R&amp;eid=ARBx3pE-sr1iM5O2NnhV5eHks8C6fDsGvzmm3Y-SwWgLStKFFirMhW7K5Gk_dKGauze-6BeN5vaiTTFV&amp;fref=mentions&amp;__xts__%5B0%5D=68.ARCI6cOvTp30Ag-aZK8_4IryXkrCWn__lmYhYo3OFs-ZocMrY_Syne22p802Eu6F0EURyJ5EgtE_EPX4JZRn8g2dNOyjxo8wzzgQhIQatlixyEXD4JEKP32VMH728d5gHlghjQ69Yvo-DUfIna38OrkDOH3FASAZZ6WwPQZ6c-oBVsmt2vs2-1B-4PrUO6--VSMCh6aVybnkhORs4htoLYC8D0R7Cpms4HL4n1eCrg_AQl-p89dvBoBjozy5x501tW9y4Tk8M08MJPxSmMXuWeHLRQz1OrZomIH4A5B92lgWDNuBvvJqiENysuFCoW8pyiMsd3DApAZpFdnLuto5BDRzimLU\">CONA Fu\u017eine<\/a>&nbsp;&#8211; Skupnostni Programi ZaMlade&nbsp;<a href=\"https:\/\/www.facebook.com\/trubarjevahisa.literature\/?__tn__=K-R&amp;eid=ARBLOj_PyJvQi8DWhOmN3ZFw8aknOH8j6oirw5eXNsElRN6rlikcfecUKm0Pn66qwlX94GGLgqIa2-gM&amp;fref=mentions&amp;__xts__%5B0%5D=68.ARCI6cOvTp30Ag-aZK8_4IryXkrCWn__lmYhYo3OFs-ZocMrY_Syne22p802Eu6F0EURyJ5EgtE_EPX4JZRn8g2dNOyjxo8wzzgQhIQatlixyEXD4JEKP32VMH728d5gHlghjQ69Yvo-DUfIna38OrkDOH3FASAZZ6WwPQZ6c-oBVsmt2vs2-1B-4PrUO6--VSMCh6aVybnkhORs4htoLYC8D0R7Cpms4HL4n1eCrg_AQl-p89dvBoBjozy5x501tW9y4Tk8M08MJPxSmMXuWeHLRQz1OrZomIH4A5B92lgWDNuBvvJqiENysuFCoW8pyiMsd3DApAZpFdnLuto5BDRzimLU\">Trubarjeva hi\u0161a literature<\/a>&nbsp;(<a href=\"https:\/\/www.facebook.com\/mestna.ljubljana\/?__tn__=K-R&amp;eid=ARDIR9LaXV3-CkMh-oLxDm_6lKJKxN00oeF7GdPFacqzPWZZxpQ0VsFlvgz8hIit4dNiXeQSnNY3IqD4&amp;fref=mentions&amp;__xts__%5B0%5D=68.ARCI6cOvTp30Ag-aZK8_4IryXkrCWn__lmYhYo3OFs-ZocMrY_Syne22p802Eu6F0EURyJ5EgtE_EPX4JZRn8g2dNOyjxo8wzzgQhIQatlixyEXD4JEKP32VMH728d5gHlghjQ69Yvo-DUfIna38OrkDOH3FASAZZ6WwPQZ6c-oBVsmt2vs2-1B-4PrUO6--VSMCh6aVybnkhORs4htoLYC8D0R7Cpms4HL4n1eCrg_AQl-p89dvBoBjozy5x501tW9y4Tk8M08MJPxSmMXuWeHLRQz1OrZomIH4A5B92lgWDNuBvvJqiENysuFCoW8pyiMsd3DApAZpFdnLuto5BDRzimLU\">Mestna knji\u017enica Ljubljana &#8211; MKL<\/a>)&nbsp;<a href=\"https:\/\/www.facebook.com\/pages\/Zavod-Mobin\/285897378688340?__tn__=K-R&amp;eid=ARBCgF-QwO9gm7yeYHQtBTHVo-yr36z-vp4lzKTO4AvoIYy6ndzJWHLdUgmxCfMrp0BG1OoxD7Ck5bdz&amp;fref=mentions&amp;__xts__%5B0%5D=68.ARCI6cOvTp30Ag-aZK8_4IryXkrCWn__lmYhYo3OFs-ZocMrY_Syne22p802Eu6F0EURyJ5EgtE_EPX4JZRn8g2dNOyjxo8wzzgQhIQatlixyEXD4JEKP32VMH728d5gHlghjQ69Yvo-DUfIna38OrkDOH3FASAZZ6WwPQZ6c-oBVsmt2vs2-1B-4PrUO6--VSMCh6aVybnkhORs4htoLYC8D0R7Cpms4HL4n1eCrg_AQl-p89dvBoBjozy5x501tW9y4Tk8M08MJPxSmMXuWeHLRQz1OrZomIH4A5B92lgWDNuBvvJqiENysuFCoW8pyiMsd3DApAZpFdnLuto5BDRzimLU\">Zavod Mobin<\/a>&nbsp;in&nbsp;<a href=\"https:\/\/www.facebook.com\/skratova.citalnica\/?__tn__=K-R&amp;eid=ARDFEf_IgbNDTQ8CL4Xugjmexv5CkTiRFeRK2wSwKtupIpxhTTF3w9aPWUyRF0dV_-qxiCc1xYbx0ukq&amp;fref=mentions&amp;__xts__%5B0%5D=68.ARCI6cOvTp30Ag-aZK8_4IryXkrCWn__lmYhYo3OFs-ZocMrY_Syne22p802Eu6F0EURyJ5EgtE_EPX4JZRn8g2dNOyjxo8wzzgQhIQatlixyEXD4JEKP32VMH728d5gHlghjQ69Yvo-DUfIna38OrkDOH3FASAZZ6WwPQZ6c-oBVsmt2vs2-1B-4PrUO6--VSMCh6aVybnkhORs4htoLYC8D0R7Cpms4HL4n1eCrg_AQl-p89dvBoBjozy5x501tW9y4Tk8M08MJPxSmMXuWeHLRQz1OrZomIH4A5B92lgWDNuBvvJqiENysuFCoW8pyiMsd3DApAZpFdnLuto5BDRzimLU\">\u0160kratova \u010citalnica &#8211; KUD Anarhiv<\/a><\/p>\n\n\n\n<p><a href=\"https:\/\/www.facebook.com\/LMIT.org\/?__tn__=K-R&amp;eid=ARC7R6HAlwOzxtHl_f21C--2C00CMFtRGBZ6seKALlRJ_JB-3mMi7th7UqD1LWsi_a_2PkxC6JxfgmUF&amp;fref=mentions&amp;__xts__%5B0%5D=68.ARCI6cOvTp30Ag-aZK8_4IryXkrCWn__lmYhYo3OFs-ZocMrY_Syne22p802Eu6F0EURyJ5EgtE_EPX4JZRn8g2dNOyjxo8wzzgQhIQatlixyEXD4JEKP32VMH728d5gHlghjQ69Yvo-DUfIna38OrkDOH3FASAZZ6WwPQZ6c-oBVsmt2vs2-1B-4PrUO6--VSMCh6aVybnkhORs4htoLYC8D0R7Cpms4HL4n1eCrg_AQl-p89dvBoBjozy5x501tW9y4Tk8M08MJPxSmMXuWeHLRQz1OrZomIH4A5B92lgWDNuBvvJqiENysuFCoW8pyiMsd3DApAZpFdnLuto5BDRzimLU\">LMIT &#8211; Ljubljanska mre\u017ea info to\u010dk<\/a>&nbsp;je \u010dlanica&nbsp;<a href=\"https:\/\/www.facebook.com\/Eryica\/?__tn__=K-R&amp;eid=ARD4EhmSQ6tKSutJ6pzdwJ56XDCThgYj5cDQ0DjsoBlNZZD7EuEj8Ev4V2t8ceGVmrBR385vvHwLRafi&amp;fref=mentions&amp;__xts__%5B0%5D=68.ARCI6cOvTp30Ag-aZK8_4IryXkrCWn__lmYhYo3OFs-ZocMrY_Syne22p802Eu6F0EURyJ5EgtE_EPX4JZRn8g2dNOyjxo8wzzgQhIQatlixyEXD4JEKP32VMH728d5gHlghjQ69Yvo-DUfIna38OrkDOH3FASAZZ6WwPQZ6c-oBVsmt2vs2-1B-4PrUO6--VSMCh6aVybnkhORs4htoLYC8D0R7Cpms4HL4n1eCrg_AQl-p89dvBoBjozy5x501tW9y4Tk8M08MJPxSmMXuWeHLRQz1OrZomIH4A5B92lgWDNuBvvJqiENysuFCoW8pyiMsd3DApAZpFdnLuto5BDRzimLU\">Eryica &#8211; European Youth Information and Counselling Agency<\/a><\/p>\n","protected":false},"excerpt":{"rendered":"<p>Danes 17. aprila praznujemo Evropski dan informiranja mladih! Za obele\u017eitev dejavnosti mladinskega informiranja, tj. spremljanja, obve\u0161\u010danja, svetovanja &#8230; nudenja pomo\u010di, smo letos dan posvetili ozave\u0161\u010danju o podnebnih spremembah. Ob 13.00 se bomo s \u010dlanico gibanja&nbsp;Mladi za podnebno pravi\u010dnost&nbsp;Nicoleto Nour tako pogovarjali o vplivih na okolje in spremembah, ki jih le ti povzro\u010dajo. Pridru\u017eite se prenosu [&hellip;]<\/p>\n","protected":false},"author":9,"featured_media":2557,"comment_status":"closed","ping_status":"closed","sticky":false,"template":"","format":"standard","meta":{"footnotes":""},"categories":[3],"tags":[],"class_list":["post-2556","post","type-post","status-publish","format-standard","has-post-thumbnail","hentry","category-info"],"_links":{"self":[{"href":"https:\/\/kudanarhiv.org\/index.php?rest_route=\/wp\/v2\/posts\/2556","targetHints":{"allow":["GET"]}}],"collection":[{"href":"https:\/\/kudanarhiv.org\/index.php?rest_route=\/wp\/v2\/posts"}],"about":[{"href":"https:\/\/kudanarhiv.org\/index.php?rest_route=\/wp\/v2\/types\/post"}],"author":[{"embeddable":true,"href":"https:\/\/kudanarhiv.org\/index.php?rest_route=\/wp\/v2\/users\/9"}],"replies":[{"embeddable":true,"href":"https:\/\/kudanarhiv.org\/index.php?rest_route=%2Fwp%2Fv2%2Fcomments&post=2556"}],"version-history":[{"count":1,"href":"https:\/\/kudanarhiv.org\/index.php?rest_route=\/wp\/v2\/posts\/2556\/revisions"}],"predecessor-version":[{"id":2560,"href":"https:\/\/kudanarhiv.org\/index.php?rest_route=\/wp\/v2\/posts\/2556\/revisions\/2560"}],"wp:featuredmedia":[{"embeddable":true,"href":"https:\/\/kudanarhiv.org\/index.php?rest_route=\/wp\/v2\/media\/2557"}],"wp:attachment":[{"href":"https:\/\/kudanarhiv.org\/index.php?rest_route=%2Fwp%2Fv2%2Fmedia&parent=2556"}],"wp:term":[{"taxonomy":"category","embeddable":true,"href":"https:\/\/kudanarhiv.org\/index.php?rest_route=%2Fwp%2Fv2%2Fcategories&post=2556"},{"taxonomy":"post_tag","embeddable":true,"href":"https:\/\/kudanarhiv.org\/index.php?rest_route=%2Fwp%2Fv2%2Ftags&post=2556"}],"curies":[{"name":"wp","href":"https:\/\/api.w.org\/{rel}","templated":true}]}}