{"id":2583,"date":"2020-05-20T13:39:00","date_gmt":"2020-05-20T11:39:00","guid":{"rendered":"http:\/\/kudanarhiv.org\/?p=2583"},"modified":"2020-07-19T13:46:05","modified_gmt":"2020-07-19T11:46:05","slug":"po-poteh-francoske-literarne-knjizevnosti-francoski-literarni-krozek-david-diop-frere-dame-preko-spleta-ponedeljek-25-maj-2020-ob-17-30h","status":"publish","type":"post","link":"https:\/\/kudanarhiv.org\/?p=2583","title":{"rendered":"Po poteh francoske literarne knji\u017eevnosti: francoski literarni kro\u017eek: David Diop: Fr\u00e8re d\u2019\u00e2me, preko spleta, ponedeljek 25. maj 2020 ob 17.30h"},"content":{"rendered":"\n<p class=\"has-text-align-center\">Ker moramo ostati doma, se na\u0161 Francoski literarni kro\u017eek prav tako seli preko spleta v va\u0161e domove! Pogovarjali se bomo o romanu Fr\u00e8re d\u2019\u00e2me pisatelja Davida Diopa, ki je iz\u0161el leta 2018 in istega leta zanj dobil Goncourtovo nagrado.<\/p>\n\n\n\n<p class=\"has-text-align-center\">V \u010dasu prve svetovne vojne se proti nemcem na francoski strani borita prijatelja iz otro\u0161tva Alfa Ndiaye in Mademba Diop. Slednji nekega jutra podle\u017ee tirom, Alfa pa se znajde sam sredi grozovitega pokola, v katerem se izgubi v norosti vojne in za\u010dne tudi sam pobijati nasprotnike in sejati strah.<\/p>\n\n\n\n<p class=\"has-text-align-center\">Fr\u00e8re d\u2019\u00e2me je pretresljiva prvoosebna pripoved mladega senegalskega vojaka, ki ga je v \u010dasu velike vojne, kot mnoge druge, Evropa izkoristila za svoje politi\u010dne cilje.<\/p>\n\n\n\n<div class=\"wp-block-image\"><figure class=\"aligncenter size-large\"><img loading=\"lazy\" decoding=\"async\" width=\"698\" height=\"841\" src=\"http:\/\/kudanarhiv.org\/wp-content\/uploads\/2020\/05\/roman-David-Diop-frere-d-ame-critique.jpg\" alt=\"\" class=\"wp-image-2584\" srcset=\"https:\/\/kudanarhiv.org\/wp-content\/uploads\/2020\/05\/roman-David-Diop-frere-d-ame-critique.jpg 698w, https:\/\/kudanarhiv.org\/wp-content\/uploads\/2020\/05\/roman-David-Diop-frere-d-ame-critique-249x300.jpg 249w\" sizes=\"auto, (max-width: 698px) 100vw, 698px\" \/><\/figure><\/div>\n\n\n\n<p>Povezava do dogodka:<br><a target=\"_blank\" href=\"https:\/\/us04web.zoom.us\/j\/79899554076?pwd=UTloMnRGaEQxczBoT25CbzJFZWxpZz09&amp;fbclid=IwAR0S919z7rR6rNLrThbfS8U5tqy8l8QAI2IOrLLNTHvJxY0xPnThnbvrmbs\" rel=\"noreferrer noopener\">https:\/\/us04web.zoom.us\/j\/79899554076?pwd=UTloMnRGaEQxczBoT25CbzJFZWxpZz09<\/a><\/p>\n\n\n\n<p>Vpisna \u0161tevilka:<br>798 9955 4076<\/p>\n\n\n\n<p>Geslo:<br>6fuGNN<\/p>\n\n\n\n<p class=\"has-text-align-center\">Beremo v izvirniku, prav tako tudi kro\u017eek praviloma poteka v franco\u0161\u010dini, torej je namenjen vsem, ki imate solidno znanje francoskega jezika (vsaj nivo B1) in radi berete sodobno leposlovje.<\/p>\n\n\n\n<p class=\"has-text-align-center\">Francoski literarni kro\u017eek vodi mag. anglistike in franco\u0161\u010dine, Aicha Boughazi, sofinancirata pa ga KUD Anarhiv (program \u0160kratova \u010ditalnica) in Mestna knji\u017enica Ljubljana.<\/p>\n\n\n\n<p class=\"has-text-align-center\">Za\u017eelene so predhodne prijave na naslov: aicha.boughazi.92@gmail.com<\/p>\n\n\n\n<p>Prihajajo\u010da sre\u010danja:<br>&#8211; Ponedeljek, 1. 6. 2020 Les d\u00e9sorient\u00e9s (Amin Maalouf)<br>&#8211; Ponedeljek, 29. 6. 2020 Ce que le jour doit \u00e0 la nuit (Yasmina Khadra)<\/p>\n","protected":false},"excerpt":{"rendered":"<p>Ker moramo ostati doma, se na\u0161 Francoski literarni kro\u017eek prav tako seli preko spleta v va\u0161e domove! Pogovarjali se bomo o romanu Fr\u00e8re d\u2019\u00e2me pisatelja Davida Diopa, ki je iz\u0161el leta 2018 in istega leta zanj dobil Goncourtovo nagrado. V \u010dasu prve svetovne vojne se proti nemcem na francoski strani borita prijatelja iz otro\u0161tva Alfa [&hellip;]<\/p>\n","protected":false},"author":9,"featured_media":2584,"comment_status":"closed","ping_status":"closed","sticky":false,"template":"","format":"standard","meta":{"footnotes":""},"categories":[3],"tags":[],"class_list":["post-2583","post","type-post","status-publish","format-standard","has-post-thumbnail","hentry","category-info"],"_links":{"self":[{"href":"https:\/\/kudanarhiv.org\/index.php?rest_route=\/wp\/v2\/posts\/2583","targetHints":{"allow":["GET"]}}],"collection":[{"href":"https:\/\/kudanarhiv.org\/index.php?rest_route=\/wp\/v2\/posts"}],"about":[{"href":"https:\/\/kudanarhiv.org\/index.php?rest_route=\/wp\/v2\/types\/post"}],"author":[{"embeddable":true,"href":"https:\/\/kudanarhiv.org\/index.php?rest_route=\/wp\/v2\/users\/9"}],"replies":[{"embeddable":true,"href":"https:\/\/kudanarhiv.org\/index.php?rest_route=%2Fwp%2Fv2%2Fcomments&post=2583"}],"version-history":[{"count":1,"href":"https:\/\/kudanarhiv.org\/index.php?rest_route=\/wp\/v2\/posts\/2583\/revisions"}],"predecessor-version":[{"id":2585,"href":"https:\/\/kudanarhiv.org\/index.php?rest_route=\/wp\/v2\/posts\/2583\/revisions\/2585"}],"wp:featuredmedia":[{"embeddable":true,"href":"https:\/\/kudanarhiv.org\/index.php?rest_route=\/wp\/v2\/media\/2584"}],"wp:attachment":[{"href":"https:\/\/kudanarhiv.org\/index.php?rest_route=%2Fwp%2Fv2%2Fmedia&parent=2583"}],"wp:term":[{"taxonomy":"category","embeddable":true,"href":"https:\/\/kudanarhiv.org\/index.php?rest_route=%2Fwp%2Fv2%2Fcategories&post=2583"},{"taxonomy":"post_tag","embeddable":true,"href":"https:\/\/kudanarhiv.org\/index.php?rest_route=%2Fwp%2Fv2%2Ftags&post=2583"}],"curies":[{"name":"wp","href":"https:\/\/api.w.org\/{rel}","templated":true}]}}