{"id":2779,"date":"2020-12-28T17:13:10","date_gmt":"2020-12-28T16:13:10","guid":{"rendered":"http:\/\/kudanarhiv.org\/?p=2779"},"modified":"2020-12-28T17:13:11","modified_gmt":"2020-12-28T16:13:11","slug":"porocilo-s-cetrtega-francoskega-literarnega-krozka","status":"publish","type":"post","link":"https:\/\/kudanarhiv.org\/?p=2779","title":{"rendered":"Poro\u010dilo s \u010detrtega Francoskega literarnega kro\u017eka"},"content":{"rendered":"\n<p>Na decembrskem sre\u010danju francoskega literarnega kro\u017eka smo govorili o filmu &#8211; da, filmu, prav ste prebrali &#8211; Des vents contraires iz leta 2011, filmski adaptaciji istoimenskega romana, ki je iz\u0161el dve leti poprej.<br>Zgodba o soo\u010danju z nenadno in nerazlo\u017eeno izgubo ljubljene osebe, s katero se soo\u010da Paul, pisatelj in o\u010de dveh otrok, je ganljiva pripoved o ranljivosti, odgovornosti in upanju.<\/p>\n\n\n\n<figure class=\"wp-block-image size-large\"><img loading=\"lazy\" decoding=\"async\" width=\"635\" height=\"302\" src=\"http:\/\/kudanarhiv.org\/wp-content\/uploads\/2020\/12\/Des-vents-contraires.png\" alt=\"\" class=\"wp-image-2780\" srcset=\"https:\/\/kudanarhiv.org\/wp-content\/uploads\/2020\/12\/Des-vents-contraires.png 635w, https:\/\/kudanarhiv.org\/wp-content\/uploads\/2020\/12\/Des-vents-contraires-300x143.png 300w\" sizes=\"auto, (max-width: 635px) 100vw, 635px\" \/><\/figure>\n\n\n\n<p>Prihodnji film pride na vrsto aprila, na naslednjem sre\u010danju, v ponedeljek , 18. 1. 2021, pa bomo govorili o avtobiografskem romanu Fr\u00e9d\u00e9rica Beigbedera, Le roman fran\u00e7ais. Prav lepo vabljeni!<\/p>\n","protected":false},"excerpt":{"rendered":"<p>Na decembrskem sre\u010danju francoskega literarnega kro\u017eka smo govorili o filmu &#8211; da, filmu, prav ste prebrali &#8211; Des vents contraires iz leta 2011, filmski adaptaciji istoimenskega romana, ki je iz\u0161el dve leti poprej.Zgodba o soo\u010danju z nenadno in nerazlo\u017eeno izgubo ljubljene osebe, s katero se soo\u010da Paul, pisatelj in o\u010de dveh otrok, je ganljiva pripoved [&hellip;]<\/p>\n","protected":false},"author":8,"featured_media":2780,"comment_status":"closed","ping_status":"closed","sticky":false,"template":"","format":"standard","meta":{"footnotes":""},"categories":[1],"tags":[],"class_list":["post-2779","post","type-post","status-publish","format-standard","has-post-thumbnail","hentry","category-uncategorized"],"_links":{"self":[{"href":"https:\/\/kudanarhiv.org\/index.php?rest_route=\/wp\/v2\/posts\/2779","targetHints":{"allow":["GET"]}}],"collection":[{"href":"https:\/\/kudanarhiv.org\/index.php?rest_route=\/wp\/v2\/posts"}],"about":[{"href":"https:\/\/kudanarhiv.org\/index.php?rest_route=\/wp\/v2\/types\/post"}],"author":[{"embeddable":true,"href":"https:\/\/kudanarhiv.org\/index.php?rest_route=\/wp\/v2\/users\/8"}],"replies":[{"embeddable":true,"href":"https:\/\/kudanarhiv.org\/index.php?rest_route=%2Fwp%2Fv2%2Fcomments&post=2779"}],"version-history":[{"count":1,"href":"https:\/\/kudanarhiv.org\/index.php?rest_route=\/wp\/v2\/posts\/2779\/revisions"}],"predecessor-version":[{"id":2781,"href":"https:\/\/kudanarhiv.org\/index.php?rest_route=\/wp\/v2\/posts\/2779\/revisions\/2781"}],"wp:featuredmedia":[{"embeddable":true,"href":"https:\/\/kudanarhiv.org\/index.php?rest_route=\/wp\/v2\/media\/2780"}],"wp:attachment":[{"href":"https:\/\/kudanarhiv.org\/index.php?rest_route=%2Fwp%2Fv2%2Fmedia&parent=2779"}],"wp:term":[{"taxonomy":"category","embeddable":true,"href":"https:\/\/kudanarhiv.org\/index.php?rest_route=%2Fwp%2Fv2%2Fcategories&post=2779"},{"taxonomy":"post_tag","embeddable":true,"href":"https:\/\/kudanarhiv.org\/index.php?rest_route=%2Fwp%2Fv2%2Ftags&post=2779"}],"curies":[{"name":"wp","href":"https:\/\/api.w.org\/{rel}","templated":true}]}}