{"id":2832,"date":"2021-02-27T14:29:05","date_gmt":"2021-02-27T13:29:05","guid":{"rendered":"http:\/\/kudanarhiv.org\/?p=2832"},"modified":"2021-02-27T14:29:06","modified_gmt":"2021-02-27T13:29:06","slug":"porocilo-s-petega-francoskega-literarnega-krozka-2","status":"publish","type":"post","link":"https:\/\/kudanarhiv.org\/?p=2832","title":{"rendered":"Poro\u010dilo s petega francoskega literarnega kro\u017eka"},"content":{"rendered":"\n<p>V ponedeljek, 15. 2. 2021 smo na sre\u010danju francoskega lierarnega kro\u017eka, ob\u010dudovali \u017eivljenjsko zgodbo imigranta, reperja in pisatelja Abd al Malika, njegovo pot v spiritualni, misti\u010dni islam (sufizem) ter se obenem \u010dudili manku bolj natan\u010dne filozofske razlage veji islama, h kateri se je zatekel.<\/p>\n\n\n\n<figure class=\"wp-block-image size-large\"><img loading=\"lazy\" decoding=\"async\" width=\"1000\" height=\"1000\" src=\"http:\/\/kudanarhiv.org\/wp-content\/uploads\/2021\/02\/pjimage.jpg\" alt=\"\" class=\"wp-image-2833\" srcset=\"https:\/\/kudanarhiv.org\/wp-content\/uploads\/2021\/02\/pjimage.jpg 1000w, https:\/\/kudanarhiv.org\/wp-content\/uploads\/2021\/02\/pjimage-300x300.jpg 300w, https:\/\/kudanarhiv.org\/wp-content\/uploads\/2021\/02\/pjimage-150x150.jpg 150w, https:\/\/kudanarhiv.org\/wp-content\/uploads\/2021\/02\/pjimage-768x768.jpg 768w\" sizes=\"auto, (max-width: 1000px) 100vw, 1000px\" \/><\/figure>\n\n\n\n<p>Do prihodnji\u010d, ponedeljka, 15. marca, ponovno beremo avtobiografijo &#8211; M\u00e9moires d&#8217;une jeune fill rang\u00e9e-, prvo v nizu \u0161tirih, ki jih je ob razli\u010dnih \u017eivljenjskih obdobjih pisala Simone de Beauvoir.Prav lepo vabljeni<\/p>\n","protected":false},"excerpt":{"rendered":"<p>V ponedeljek, 15. 2. 2021 smo na sre\u010danju francoskega lierarnega kro\u017eka, ob\u010dudovali \u017eivljenjsko zgodbo imigranta, reperja in pisatelja Abd al Malika, njegovo pot v spiritualni, misti\u010dni islam (sufizem) ter se obenem \u010dudili manku bolj natan\u010dne filozofske razlage veji islama, h kateri se je zatekel. Do prihodnji\u010d, ponedeljka, 15. marca, ponovno beremo avtobiografijo &#8211; M\u00e9moires d&#8217;une [&hellip;]<\/p>\n","protected":false},"author":8,"featured_media":2833,"comment_status":"closed","ping_status":"closed","sticky":false,"template":"","format":"standard","meta":{"footnotes":""},"categories":[1],"tags":[],"class_list":["post-2832","post","type-post","status-publish","format-standard","has-post-thumbnail","hentry","category-uncategorized"],"_links":{"self":[{"href":"https:\/\/kudanarhiv.org\/index.php?rest_route=\/wp\/v2\/posts\/2832","targetHints":{"allow":["GET"]}}],"collection":[{"href":"https:\/\/kudanarhiv.org\/index.php?rest_route=\/wp\/v2\/posts"}],"about":[{"href":"https:\/\/kudanarhiv.org\/index.php?rest_route=\/wp\/v2\/types\/post"}],"author":[{"embeddable":true,"href":"https:\/\/kudanarhiv.org\/index.php?rest_route=\/wp\/v2\/users\/8"}],"replies":[{"embeddable":true,"href":"https:\/\/kudanarhiv.org\/index.php?rest_route=%2Fwp%2Fv2%2Fcomments&post=2832"}],"version-history":[{"count":1,"href":"https:\/\/kudanarhiv.org\/index.php?rest_route=\/wp\/v2\/posts\/2832\/revisions"}],"predecessor-version":[{"id":2834,"href":"https:\/\/kudanarhiv.org\/index.php?rest_route=\/wp\/v2\/posts\/2832\/revisions\/2834"}],"wp:featuredmedia":[{"embeddable":true,"href":"https:\/\/kudanarhiv.org\/index.php?rest_route=\/wp\/v2\/media\/2833"}],"wp:attachment":[{"href":"https:\/\/kudanarhiv.org\/index.php?rest_route=%2Fwp%2Fv2%2Fmedia&parent=2832"}],"wp:term":[{"taxonomy":"category","embeddable":true,"href":"https:\/\/kudanarhiv.org\/index.php?rest_route=%2Fwp%2Fv2%2Fcategories&post=2832"},{"taxonomy":"post_tag","embeddable":true,"href":"https:\/\/kudanarhiv.org\/index.php?rest_route=%2Fwp%2Fv2%2Ftags&post=2832"}],"curies":[{"name":"wp","href":"https:\/\/api.w.org\/{rel}","templated":true}]}}