{"id":290,"date":"2014-01-12T17:03:52","date_gmt":"2014-01-12T16:03:52","guid":{"rendered":"http:\/\/kudanarhiv.org\/?p=290"},"modified":"2014-01-12T17:12:14","modified_gmt":"2014-01-12T16:12:14","slug":"januarsko-predavanje-v-knjiznici-siska-z-blazem-skerjancem","status":"publish","type":"post","link":"https:\/\/kudanarhiv.org\/?p=290","title":{"rendered":"Januarsko predavanje v Knji\u017enici \u0160i\u0161ka z Bla\u017eem \u0160kerjancem!"},"content":{"rendered":"<p><!--[if gte mso 9]><xml>\n<w:WordDocument>\n<w:View>Normal<\/w:View>\n<w:Zoom>0<\/w:Zoom>\n<w:HyphenationZone>21<\/w:HyphenationZone>\n<w:PunctuationKerning\/>\n<w:ValidateAgainstSchemas\/>\n<w:SaveIfXMLInvalid>false<\/w:SaveIfXMLInvalid>\n<w:IgnoreMixedContent>false<\/w:IgnoreMixedContent>\n<w:AlwaysShowPlaceholderText>false<\/w:AlwaysShowPlaceholderText>\n<w:Compatibility>\n<w:BreakWrappedTables\/>\n<w:SnapToGridInCell\/>\n<w:WrapTextWithPunct\/>\n<w:UseAsianBreakRules\/>\n<w:DontGrowAutofit\/>\n<\/w:Compatibility>\n<w:BrowserLevel>MicrosoftInternetExplorer4<\/w:BrowserLevel>\n<\/w:WordDocument>\n<\/xml><![endif]--><\/p>\n<p><!--[if gte mso 9]><xml>\n<w:LatentStyles DefLockedState=\"false\" LatentStyleCount=\"156\">\n<\/w:LatentStyles>\n<\/xml><![endif]--><!--[if gte mso 9]><xml>\n<w:WordDocument>\n<w:View>Normal<\/w:View>\n<w:Zoom>0<\/w:Zoom>\n<w:HyphenationZone>21<\/w:HyphenationZone>\n<w:PunctuationKerning\/>\n<w:ValidateAgainstSchemas\/>\n<w:SaveIfXMLInvalid>false<\/w:SaveIfXMLInvalid>\n<w:IgnoreMixedContent>false<\/w:IgnoreMixedContent>\n<w:AlwaysShowPlaceholderText>false<\/w:AlwaysShowPlaceholderText>\n<w:Compatibility>\n<w:BreakWrappedTables\/>\n<w:SnapToGridInCell\/>\n<w:WrapTextWithPunct\/>\n<w:UseAsianBreakRules\/>\n<w:DontGrowAutofit\/>\n<\/w:Compatibility>\n<w:BrowserLevel>MicrosoftInternetExplorer4<\/w:BrowserLevel>\n<\/w:WordDocument>\n<\/xml><![endif]--><\/p>\n<p><!--[if gte mso 9]><xml>\n<w:LatentStyles DefLockedState=\"false\" LatentStyleCount=\"156\">\n<\/w:LatentStyles>\n<\/xml><![endif]--><!--[if gte mso 10]>\n\n\n\n<style>\n \/* Style Definitions *\/\n table.MsoNormalTable\n\t{mso-style-name:\"Navadna tabela\";\n\tmso-tstyle-rowband-size:0;\n\tmso-tstyle-colband-size:0;\n\tmso-style-noshow:yes;\n\tmso-style-parent:\"\";\n\tmso-padding-alt:0cm 5.4pt 0cm 5.4pt;\n\tmso-para-margin:0cm;\n\tmso-para-margin-bottom:.0001pt;\n\tmso-pagination:widow-orphan;\n\tfont-size:10.0pt;\n\tfont-family:\"Times New Roman\";\n\tmso-ansi-language:#0400;\n\tmso-fareast-language:#0400;\n\tmso-bidi-language:#0400;}\n<\/style>\n\n<![endif]--><\/p>\n<p class=\"MsoNormal\" style=\"text-align: center; background: white;\" align=\"center\"><span style=\"font-size: 14.0pt; font-family: 'Times New Roman'; mso-fareast-font-family: 'Times New Roman'; color: #222222; mso-fareast-language: SL;\">Vljudno\u00a0vabljeni na \u0161esto iz serije \u0161estih predavanj, ki potekajo v okviru\u00a0projekta<span style=\"mso-spacerun: yes;\">\u00a0 <\/span><\/span><\/p>\n<p class=\"MsoNormal\" style=\"text-align: center; background: white;\" align=\"center\"><b style=\"mso-bidi-font-weight: normal;\"><i style=\"mso-bidi-font-style: normal;\"><span style=\"font-size: 14.0pt; font-family: 'Times New Roman'; mso-fareast-font-family: 'Times New Roman'; mso-fareast-language: SL;\">Aktivna sedanjost je prihodnost!<\/span><\/i><\/b><span style=\"font-size: 14.0pt; font-family: 'Times New Roman'; mso-fareast-font-family: 'Times New Roman'; mso-fareast-language: SL;\">:<\/span><\/p>\n<p class=\"MsoNormal\" style=\"text-align: center; background: white;\" align=\"center\"><i><span style=\"font-family: 'Times New Roman'; color: #222222;\">Ponedeljek 13. 1. 2014, ob 18.15, v Knji\u017enici \u0160i\u0161ka<\/span><\/i><\/p>\n<p class=\"MsoNormal\" style=\"text-align: center; background: white;\" align=\"center\"><i style=\"mso-bidi-font-style: normal;\"><span style=\"font-size: 14.0pt; font-family: Arial; color: red; background: white;\">Bla\u017e \u0160kerjanec<\/span><\/i><b><i style=\"mso-bidi-font-style: normal;\"><span style=\"font-size: 14.0pt; font-family: 'Times New Roman'; mso-fareast-font-family: 'Times New Roman'; color: red; mso-fareast-language: SL;\">: <\/span><\/i><\/b><span class=\"apple-converted-space\"><i style=\"mso-bidi-font-style: normal;\"><span style=\"font-size: 14.0pt; font-family: Arial; color: red; background: white;\">\u00a0<\/span><\/i><\/span><i style=\"mso-bidi-font-style: normal;\"><span style=\"font-size: 14.0pt; font-family: Arial; color: red; background: white;\">Politizacija interneta<\/span><\/i><\/p>\n<p class=\"MsoNormal\" style=\"background: none repeat scroll 0% 0% white; text-align: left;\" align=\"center\"><span style=\"font-size: 14.0pt; font-family: 'Times New Roman'; color: #222222; background: white;\">V predavanju iz cikla \u00bbAktivna sedanjost je prihodnost!\u00ab se bomo<\/span><span style=\"font-size: 14.0pt; font-family: 'Times New Roman'; color: #222222;\"><br \/>\n<span style=\"background: white;\">lotili pojma interneta kot politiziranega prostora. Natan\u010dneje, odprli bomo prostor diskrepance, ki se pojavlja med uporabo socialnih omre\u017eij (na primeru Facebooka) <\/span><\/span><span style=\"font-size: 14.0pt; font-family: 'Times New Roman'; color: #222222;\"><span style=\"background: white;\">in aktivisti\u010dnimi pristopi uporabe interneta (kolektiv Anonymous in odprta koda). Prek kriti\u010dne obravnave obeh pristopov bomo odprli pere\u010da vpra\u0161anja vidljivosti, varnosti in zlorabe osebnih podatkov (tako s strani dr\u017eave kot zasebnih akterjev trga) na internetu.<\/span><\/span><\/p>\n<p class=\"MsoNormal\" style=\"background: none repeat scroll 0% 0% white; text-align: left;\"><span style=\"font-size: 10.0pt; font-family: Arial; color: #222222; background: white;\">\u00a0<\/span><\/p>\n<p style=\"text-align: left;\"><!--[if gte mso 9]><xml>\n<w:WordDocument>\n<w:View>Normal<\/w:View>\n<w:Zoom>0<\/w:Zoom>\n<w:HyphenationZone>21<\/w:HyphenationZone>\n<w:PunctuationKerning\/>\n<w:ValidateAgainstSchemas\/>\n<w:SaveIfXMLInvalid>false<\/w:SaveIfXMLInvalid>\n<w:IgnoreMixedContent>false<\/w:IgnoreMixedContent>\n<w:AlwaysShowPlaceholderText>false<\/w:AlwaysShowPlaceholderText>\n<w:Compatibility>\n<w:BreakWrappedTables\/>\n<w:SnapToGridInCell\/>\n<w:WrapTextWithPunct\/>\n<w:UseAsianBreakRules\/>\n<w:DontGrowAutofit\/>\n<\/w:Compatibility>\n<w:BrowserLevel>MicrosoftInternetExplorer4<\/w:BrowserLevel>\n<\/w:WordDocument>\n<\/xml><![endif]--><\/p>\n<p style=\"text-align: left;\"><!--[if gte mso 9]><xml>\n<w:LatentStyles DefLockedState=\"false\" LatentStyleCount=\"156\">\n<\/w:LatentStyles>\n<\/xml><![endif]--><!--[if gte mso 10]>\n\n\n\n<style>\n \/* Style Definitions *\/\n table.MsoNormalTable\n\t{mso-style-name:\"Navadna tabela\";\n\tmso-tstyle-rowband-size:0;\n\tmso-tstyle-colband-size:0;\n\tmso-style-noshow:yes;\n\tmso-style-parent:\"\";\n\tmso-padding-alt:0cm 5.4pt 0cm 5.4pt;\n\tmso-para-margin:0cm;\n\tmso-para-margin-bottom:.0001pt;\n\tmso-pagination:widow-orphan;\n\tfont-size:10.0pt;\n\tfont-family:\"Times New Roman\";\n\tmso-ansi-language:#0400;\n\tmso-fareast-language:#0400;\n\tmso-bidi-language:#0400;}\n<\/style>\n\n<![endif]--><\/p>\n<p class=\"MsoNormal\" style=\"background: none repeat scroll 0% 0% white; text-align: left;\"><span style=\"font-size: 11.0pt; font-family: 'Times New Roman'; color: #222222; background: white;\">Bla\u017e \u0160kerjanec je trenutno brezposeln magister politologije. Trenutno se ukvarja predvsem s pisanjem znanstvenih \u010dlankov za <i style=\"mso-bidi-font-style: normal;\">\u010casopis za kritiko znanosti<\/i> ter <i style=\"mso-bidi-font-style: normal;\">Teorijo in prakso<\/i>. Ukvarja se s podro\u010dji dru\u017ebenih gibanj, upora, subverzije ter politi\u010dno apropriacijo novih informacijsko-komunikacijskih tehnologij.<\/span><\/p>\n<p class=\"MsoNormal\" style=\"background: none repeat scroll 0% 0% white; text-align: left;\"><span style=\"font-size: 11.0pt; font-family: 'Times New Roman'; mso-fareast-font-family: 'Times New Roman'; color: #222222; background: white; mso-fareast-language: SL;\">Projekt Aktivna sedanjost je prihodnost! se izvaja v organizaciji Kulturno umetni\u0161kega dru\u0161tva Anarhiv (\u0160kratova \u010citalnica), v sodelovanju s Knji\u017enico \u0160i\u0161ka, ki tudi finan\u010dno podpira predavanja. Poleg Knji\u017enice \u0160i\u0161ka projekt finan\u010dno podpira tudi organizacija Univerze v Ljubljani \u0160OU, izvajamo pa ga tudi s pomo\u010djo YHD \u2013 Dru\u0161tva za teorijo hendikepa.<\/span><\/p>\n<p class=\"MsoNormal\" style=\"background: none repeat scroll 0% 0% white; text-align: left;\">\n<p class=\"MsoNormal\" style=\"background: none repeat scroll 0% 0% white; text-align: left;\"><span style=\"font-size: 14.0pt; font-family: 'Times New Roman'; mso-fareast-font-family: 'Times New Roman'; color: #222222; mso-fareast-language: SL;\"><a href=\"http:\/\/kudanarhiv.org\/wp-content\/uploads\/2014\/01\/anon.jpg\"><img loading=\"lazy\" decoding=\"async\" class=\"size-medium wp-image-295 aligncenter\" alt=\"\" src=\"http:\/\/kudanarhiv.org\/wp-content\/uploads\/2014\/01\/anon-300x125.jpg\" width=\"300\" height=\"125\" srcset=\"https:\/\/kudanarhiv.org\/wp-content\/uploads\/2014\/01\/anon-300x125.jpg 300w, https:\/\/kudanarhiv.org\/wp-content\/uploads\/2014\/01\/anon.jpg 600w\" sizes=\"auto, (max-width: 300px) 100vw, 300px\" \/><\/a><\/span><\/p>\n","protected":false},"excerpt":{"rendered":"<p>Vljudno\u00a0vabljeni na \u0161esto iz serije \u0161estih predavanj, ki potekajo v okviru\u00a0projekta\u00a0 Aktivna sedanjost je prihodnost!: Ponedeljek 13. 1. 2014, ob 18.15, v Knji\u017enici \u0160i\u0161ka Bla\u017e \u0160kerjanec: \u00a0Politizacija interneta V predavanju iz cikla \u00bbAktivna sedanjost je prihodnost!\u00ab se bomo lotili pojma interneta kot politiziranega prostora. Natan\u010dneje, odprli bomo prostor diskrepance, ki se pojavlja med uporabo socialnih [&hellip;]<\/p>\n","protected":false},"author":4,"featured_media":0,"comment_status":"closed","ping_status":"closed","sticky":false,"template":"","format":"standard","meta":{"footnotes":""},"categories":[3],"tags":[],"class_list":["post-290","post","type-post","status-publish","format-standard","hentry","category-info"],"_links":{"self":[{"href":"https:\/\/kudanarhiv.org\/index.php?rest_route=\/wp\/v2\/posts\/290","targetHints":{"allow":["GET"]}}],"collection":[{"href":"https:\/\/kudanarhiv.org\/index.php?rest_route=\/wp\/v2\/posts"}],"about":[{"href":"https:\/\/kudanarhiv.org\/index.php?rest_route=\/wp\/v2\/types\/post"}],"author":[{"embeddable":true,"href":"https:\/\/kudanarhiv.org\/index.php?rest_route=\/wp\/v2\/users\/4"}],"replies":[{"embeddable":true,"href":"https:\/\/kudanarhiv.org\/index.php?rest_route=%2Fwp%2Fv2%2Fcomments&post=290"}],"version-history":[{"count":6,"href":"https:\/\/kudanarhiv.org\/index.php?rest_route=\/wp\/v2\/posts\/290\/revisions"}],"predecessor-version":[{"id":297,"href":"https:\/\/kudanarhiv.org\/index.php?rest_route=\/wp\/v2\/posts\/290\/revisions\/297"}],"wp:attachment":[{"href":"https:\/\/kudanarhiv.org\/index.php?rest_route=%2Fwp%2Fv2%2Fmedia&parent=290"}],"wp:term":[{"taxonomy":"category","embeddable":true,"href":"https:\/\/kudanarhiv.org\/index.php?rest_route=%2Fwp%2Fv2%2Fcategories&post=290"},{"taxonomy":"post_tag","embeddable":true,"href":"https:\/\/kudanarhiv.org\/index.php?rest_route=%2Fwp%2Fv2%2Ftags&post=290"}],"curies":[{"name":"wp","href":"https:\/\/api.w.org\/{rel}","templated":true}]}}