{"id":2939,"date":"2021-09-01T15:48:00","date_gmt":"2021-09-01T13:48:00","guid":{"rendered":"http:\/\/kudanarhiv.org\/?p=2939"},"modified":"2022-06-26T18:58:02","modified_gmt":"2022-06-26T16:58:02","slug":"francoski-literarni-krozek-po-poteh-francoske-literarne-knjizevnosti-5-edicija","status":"publish","type":"post","link":"https:\/\/kudanarhiv.org\/?p=2939","title":{"rendered":"francoski literarni kro\u017eek po poteh francoske literarne knji\u017eevnosti, 5. edicija"},"content":{"rendered":"\n<p class=\"has-text-align-center\">Med septembrom 2021 in junijem 2022 v sodelovanju z Mestno knji\u017enico Ljubljana (enota \u0160i\u0161ka) poteka francoski literarni kro\u017eek, kjer se enkrat na mesec pogovarjamo o enem izmed sodobnih romanov znanih frankofonih pisateljic in pisateljev.<\/p>\n\n\n\n<p class=\"has-text-align-center\">Beremo v izvirniku, prav tako tudi kro\u017eek praviloma poteka v franco\u0161\u010dini, torej je namenjen vsem, ki imate solidno znanje francoskega jezika (vsaj nivo B1) in radi berete sodobno leposlovje.<\/p>\n\n\n\n<p class=\"has-text-align-center\"><br><strong>Obvezne predhodne prijave na naslov:&nbsp;<a rel=\"noreferrer noopener\" href=\"mailto:aicha.boughazi.92@gmail.com\" target=\"_blank\">aicha.boughazi.92@gmail.com<\/a><\/strong><\/p>\n\n\n\n<figure class=\"wp-block-image size-large\"><a href=\"http:\/\/kudanarhiv.org\/wp-content\/uploads\/2019\/01\/44953603_10210894798200569_1229663666719162368_o-1.jpg\"><img loading=\"lazy\" decoding=\"async\" width=\"1024\" height=\"505\" src=\"http:\/\/kudanarhiv.org\/wp-content\/uploads\/2019\/01\/44953603_10210894798200569_1229663666719162368_o-1-1024x505.jpg\" alt=\"\" class=\"wp-image-1897\" srcset=\"https:\/\/kudanarhiv.org\/wp-content\/uploads\/2019\/01\/44953603_10210894798200569_1229663666719162368_o-1-1024x505.jpg 1024w, https:\/\/kudanarhiv.org\/wp-content\/uploads\/2019\/01\/44953603_10210894798200569_1229663666719162368_o-1-300x148.jpg 300w, https:\/\/kudanarhiv.org\/wp-content\/uploads\/2019\/01\/44953603_10210894798200569_1229663666719162368_o-1-768x379.jpg 768w, https:\/\/kudanarhiv.org\/wp-content\/uploads\/2019\/01\/44953603_10210894798200569_1229663666719162368_o-1.jpg 1600w\" sizes=\"auto, (max-width: 1024px) 100vw, 1024px\" \/><\/a><\/figure>\n\n\n\n<p><strong>Razpored sre\u010danj:<\/strong><\/p>\n\n\n\n<p>Ponedeljek, 20. september 2021 \u2013 Chanson douce \u2013 Le\u00efla Slimani<\/p>\n\n\n\n<p>Ponedeljek, 18. oktober 2021 \u2013 La modification \u2013 Michel Butor<\/p>\n\n\n\n<p>Ponedeljek, 15. november 2021 \u2013 Le grand cahier \u2013 Agota Kristof<\/p>\n\n\n\n<p>Ponedeljek, 20. december 2021 \u2013 Samba (2015) \u2192 FILM!<\/p>\n\n\n\n<p>Ponedeljek, 17. januar 2022 \u2013 Faux monnayeurs par Andr\u00e9 Gide&nbsp;<\/p>\n\n\n\n<p>Ponedeljek, 21. februar 2022 \u2013 La mer noire dans les grands lacs \u2013 Annie Lulu&nbsp;<\/p>\n\n\n\n<p>Ponedeljek, 21. marec 2022 \u2013 Allah n\u2019est pas oblig\u00e9 \u2013 Ahmadou Kourouma<\/p>\n\n\n\n<p>Ponedeljek, 18. april 2022 \u2013 Bienvenue chez les Ch\u2019tis (2008) \u2192 FILM!<\/p>\n\n\n\n<p>Ponedeljek, 16. maj 2022 \u2013 Ce que le jour doit a la nuit \u2013 Yasmina Khadra<\/p>\n\n\n\n<p>Ponedeljek, 20. junij 2022 \u2013 Le sermon sur la chute de Rome \u2013 J\u00e9r\u00f4me Ferrari<\/p>\n\n\n\n<p><\/p>\n\n\n\n<hr class=\"wp-block-separator\"\/>\n\n\n\n<p class=\"has-text-align-center\">Entre septembre 2021 et juin 2022 nous organiserons en coop\u00e9ration avec la biblioth\u00e8que municipale de Ljubljana (unit\u00e9 \u0160i\u0161ka) le Club de lecture fran\u00e7ais, dans lequel les personnes passionn\u00e9es par la langue et la litt\u00e9rature francophone discuteront des diff\u00e9rents romans francophones contemporains.<\/p>\n\n\n\n<p class=\"has-text-align-center\"><br>On lira les romans en version originale et les rencontres qui auront lieu une fois tous les deux mois seront en principe conduites en langue fran\u00e7aise. En cons\u00e9quence la condition de participation est un bon niveau de fran\u00e7ais (au moins niveau B1) et bien \u00e9videmment l\u2019amour de la lecture en langue fran\u00e7aise.<\/p>\n\n\n\n<p class=\"has-text-align-center\"><br><strong>Les inscriptions au pr\u00e9alable sur&nbsp;<a href=\"mailto:aicha.boughazi.92@gmail.com\" target=\"_blank\" rel=\"noreferrer noopener\">aicha.boughazi.92@gmail.com<\/a>&nbsp;sont les bienvenues.<\/strong><\/p>\n\n\n\n<p><strong>Les prochaines rencontres:<\/strong><\/p>\n\n\n\n<p>Lundi, 20. septembre 2021 \u2013 Chanson douce \u2013 Le\u00efla Slimani<\/p>\n\n\n\n<p>Lundi, 18. octobre 2021 \u2013 La modification \u2013 Michel Butor<\/p>\n\n\n\n<p>Lundi, 15. novembre 2021 \u2013 Le grand cahier \u2013 Agota Kristof<\/p>\n\n\n\n<p>Lundi, 20. decembre 2021 \u2013 Samba (2015) \u2192 FILM!<\/p>\n\n\n\n<p>Lundi, 17. janvier 2022 \u2013 Faux monnayeurs par Andr\u00e9 Gide&nbsp;<\/p>\n\n\n\n<p>Lundi, 21. f\u00e9vrier 2022 \u2013 La mer noire dans les grands lacs \u2013 Annie Lulu&nbsp;<\/p>\n\n\n\n<p>Lundi, 21. mars 2022 \u2013 Allah n\u2019est pas oblig\u00e9 \u2013 Ahmadou Kourouma<\/p>\n\n\n\n<p>Lundi, 18. avril 2022 \u2013 Bienvenue chez les Ch\u2019tis (2008) \u2192 FILM!<\/p>\n\n\n\n<p>Lundi, 16. mai 2022 \u2013 Ce que le jour doit a la nuit \u2013 Yasmina Khadra<\/p>\n\n\n\n<p>Lundi, 20. juin 2022 \u2013 Le sermon sur la chute de Rome \u2013 J\u00e9r\u00f4me Ferrari<\/p>\n\n\n\n<hr class=\"wp-block-separator\"\/>\n\n\n\n<p class=\"has-text-align-center\">Francoski literarni kro\u017eek vodi mag. anglistike in franco\u0161\u010dine, Aicha Boughazi, ki je v letu 2015\/2016 vodila brezpla\u010dni francoski kro\u017eek v okviru KUD Anarhiv (\u0160kratova \u010ditalnica) ter spomladi 2017 tudi prvo edicijo Francoskega literarnega kro\u017eka.<\/p>\n\n\n\n<p class=\"has-text-align-center\">Francoski literarni kro\u017eek sofinancirajo KUD Anarhiv (program \u0160kratova \u010ditalnica), Mestna ob\u010dina Ljubljana in Mestna knji\u017enica Ljubljana.<\/p>\n\n\n\n<p class=\"has-text-align-center\">Le club litt\u00e9raire fran\u00e7ais est financ\u00e9 par KUD Anarhiv (le programme \u0160kratova \u010ditalnica) et la Biblioth\u00e8que publique de Ljubljana.<\/p>\n\n\n\n<div class=\"wp-block-image\"><figure class=\"aligncenter size-full is-resized\"><a href=\"http:\/\/kudanarhiv.org\/wp-content\/uploads\/2021\/08\/skratova-logo.png\"><img loading=\"lazy\" decoding=\"async\" src=\"http:\/\/kudanarhiv.org\/wp-content\/uploads\/2021\/08\/skratova-logo.png\" alt=\"\" class=\"wp-image-2903\" width=\"105\" height=\"105\" srcset=\"https:\/\/kudanarhiv.org\/wp-content\/uploads\/2021\/08\/skratova-logo.png 200w, https:\/\/kudanarhiv.org\/wp-content\/uploads\/2021\/08\/skratova-logo-150x150.png 150w\" sizes=\"auto, (max-width: 105px) 100vw, 105px\" \/><\/a><\/figure><\/div>\n\n\n\n<p><\/p>\n\n\n\n<div class=\"wp-block-image\"><figure class=\"aligncenter size-full is-resized\"><a href=\"http:\/\/kudanarhiv.org\/wp-content\/uploads\/2021\/08\/mol-logo.png\"><img loading=\"lazy\" decoding=\"async\" src=\"http:\/\/kudanarhiv.org\/wp-content\/uploads\/2021\/08\/mol-logo.png\" alt=\"\" class=\"wp-image-2904\" width=\"235\" height=\"72\" srcset=\"https:\/\/kudanarhiv.org\/wp-content\/uploads\/2021\/08\/mol-logo.png 407w, https:\/\/kudanarhiv.org\/wp-content\/uploads\/2021\/08\/mol-logo-300x91.png 300w\" sizes=\"auto, (max-width: 235px) 100vw, 235px\" \/><\/a><\/figure><\/div>\n\n\n\n<div class=\"wp-block-image\"><figure class=\"aligncenter size-full\"><a href=\"http:\/\/kudanarhiv.org\/wp-content\/uploads\/2021\/10\/mkl-logo.png\"><img loading=\"lazy\" decoding=\"async\" width=\"153\" height=\"122\" src=\"http:\/\/kudanarhiv.org\/wp-content\/uploads\/2021\/10\/mkl-logo.png\" alt=\"\" class=\"wp-image-2921\"\/><\/a><\/figure><\/div>\n","protected":false},"excerpt":{"rendered":"<p>Med septembrom 2021 in junijem 2022 v sodelovanju z Mestno knji\u017enico Ljubljana (enota \u0160i\u0161ka) poteka francoski literarni kro\u017eek, kjer se enkrat na mesec pogovarjamo o enem izmed sodobnih romanov znanih frankofonih pisateljic in pisateljev. Beremo v izvirniku, prav tako tudi kro\u017eek praviloma poteka v franco\u0161\u010dini, torej je namenjen vsem, ki imate solidno znanje francoskega jezika [&hellip;]<\/p>\n","protected":false},"author":9,"featured_media":2694,"comment_status":"closed","ping_status":"closed","sticky":false,"template":"","format":"standard","meta":{"footnotes":""},"categories":[8,3],"tags":[],"class_list":["post-2939","post","type-post","status-publish","format-standard","has-post-thumbnail","hentry","category-branja-info","category-info"],"_links":{"self":[{"href":"https:\/\/kudanarhiv.org\/index.php?rest_route=\/wp\/v2\/posts\/2939","targetHints":{"allow":["GET"]}}],"collection":[{"href":"https:\/\/kudanarhiv.org\/index.php?rest_route=\/wp\/v2\/posts"}],"about":[{"href":"https:\/\/kudanarhiv.org\/index.php?rest_route=\/wp\/v2\/types\/post"}],"author":[{"embeddable":true,"href":"https:\/\/kudanarhiv.org\/index.php?rest_route=\/wp\/v2\/users\/9"}],"replies":[{"embeddable":true,"href":"https:\/\/kudanarhiv.org\/index.php?rest_route=%2Fwp%2Fv2%2Fcomments&post=2939"}],"version-history":[{"count":2,"href":"https:\/\/kudanarhiv.org\/index.php?rest_route=\/wp\/v2\/posts\/2939\/revisions"}],"predecessor-version":[{"id":2992,"href":"https:\/\/kudanarhiv.org\/index.php?rest_route=\/wp\/v2\/posts\/2939\/revisions\/2992"}],"wp:featuredmedia":[{"embeddable":true,"href":"https:\/\/kudanarhiv.org\/index.php?rest_route=\/wp\/v2\/media\/2694"}],"wp:attachment":[{"href":"https:\/\/kudanarhiv.org\/index.php?rest_route=%2Fwp%2Fv2%2Fmedia&parent=2939"}],"wp:term":[{"taxonomy":"category","embeddable":true,"href":"https:\/\/kudanarhiv.org\/index.php?rest_route=%2Fwp%2Fv2%2Fcategories&post=2939"},{"taxonomy":"post_tag","embeddable":true,"href":"https:\/\/kudanarhiv.org\/index.php?rest_route=%2Fwp%2Fv2%2Ftags&post=2939"}],"curies":[{"name":"wp","href":"https:\/\/api.w.org\/{rel}","templated":true}]}}