{"id":3027,"date":"2022-06-26T11:55:05","date_gmt":"2022-06-26T09:55:05","guid":{"rendered":"http:\/\/kudanarhiv.org\/?p=3027"},"modified":"2022-06-26T12:26:21","modified_gmt":"2022-06-26T10:26:21","slug":"porocilo-z-osmega-srecanja-5-edicije-francoskega-literarnega-krozka","status":"publish","type":"post","link":"https:\/\/kudanarhiv.org\/?p=3027","title":{"rendered":"PORO\u010cILO z osmega SRE\u010cANJA 5. EDICIJE FRANCOSKEGA LITERARNEGA KRO\u017dKA"},"content":{"rendered":"\n<p class=\"has-text-align-center\"><em>Na zadnjem sre\u010danju francoskega literarnega kro\u017eka smo se pogovarjali o goncourtovem nagrajenem romanu iz leta\u00a02012,\u00a0Le sermon sur la chute de Rome. Mnenja o romanu so bila zelo deljena. Medtem ko so v zgodbi nekateri videli analogijo z razpadom zahodne civilizacije, se je drugim ta zdela preve\u010d banalna, povezava z Avgu\u0161tinovo\u00a0pridigo pa kratkomalo pretenciozna.<\/em><\/p>\n\n\n\n<div class=\"wp-block-image\"><figure class=\"aligncenter size-full\"><a href=\"http:\/\/kudanarhiv.org\/wp-content\/uploads\/2022\/06\/289356364_776673603699512_5127848907088245549_n-1.jpg\"><img loading=\"lazy\" decoding=\"async\" width=\"816\" height=\"612\" src=\"http:\/\/kudanarhiv.org\/wp-content\/uploads\/2022\/06\/289356364_776673603699512_5127848907088245549_n-1.jpg\" alt=\"\" class=\"wp-image-3028\" srcset=\"https:\/\/kudanarhiv.org\/wp-content\/uploads\/2022\/06\/289356364_776673603699512_5127848907088245549_n-1.jpg 816w, https:\/\/kudanarhiv.org\/wp-content\/uploads\/2022\/06\/289356364_776673603699512_5127848907088245549_n-1-300x225.jpg 300w, https:\/\/kudanarhiv.org\/wp-content\/uploads\/2022\/06\/289356364_776673603699512_5127848907088245549_n-1-768x576.jpg 768w\" sizes=\"auto, (max-width: 816px) 100vw, 816px\" \/><\/a><\/figure><\/div>\n\n\n\n<p class=\"has-text-align-center\"><em>Leto\u0161njo sezono smo torej zaklju\u010dili&nbsp; burno, kot se za literarni kro\u017eek tudi spodobi.<\/em><\/p>\n\n\n\n<p class=\"has-text-align-center\"><em>Se vidimo ponovno oktobra! \ud83d\ude42<\/em><\/p>\n\n\n\n<hr class=\"wp-block-separator\"\/>\n\n\n\n<p>Francoski literarni kro\u017eek vodi mag. anglistike in franco\u0161\u010dine, Aicha Boughazi, ki je v letu 2015\/2016 vodila brezpla\u010dni francoski kro\u017eek v okviru KUD Anarhiv (\u0160kratova \u010ditalnica) ter spomladi 2017 tudi prvo edicijo Francoskega literarnega kro\u017eka.<\/p>\n\n\n\n<p>Francoski literarni kro\u017eek sofinancirajo KUD Anarhiv (program \u0160kratova \u010ditalnica), Mestna ob\u010dina Ljubljana in Mestna knji\u017enica Ljubljana.<\/p>\n\n\n\n<div class=\"wp-block-image\"><figure class=\"aligncenter\"><a href=\"http:\/\/kudanarhiv.org\/wp-content\/uploads\/2021\/08\/skratova-logo.png\"><img loading=\"lazy\" decoding=\"async\" width=\"200\" height=\"200\" src=\"http:\/\/kudanarhiv.org\/wp-content\/uploads\/2021\/08\/skratova-logo.png\" alt=\"\" class=\"wp-image-2903\" srcset=\"https:\/\/kudanarhiv.org\/wp-content\/uploads\/2021\/08\/skratova-logo.png 200w, https:\/\/kudanarhiv.org\/wp-content\/uploads\/2021\/08\/skratova-logo-150x150.png 150w\" sizes=\"auto, (max-width: 200px) 100vw, 200px\" \/><\/a><\/figure><\/div>\n\n\n\n<div class=\"wp-block-image\"><figure class=\"aligncenter\"><a href=\"http:\/\/kudanarhiv.org\/wp-content\/uploads\/2021\/08\/mol-logo.png\"><img loading=\"lazy\" decoding=\"async\" width=\"407\" height=\"124\" src=\"http:\/\/kudanarhiv.org\/wp-content\/uploads\/2021\/08\/mol-logo.png\" alt=\"\" class=\"wp-image-2904\" srcset=\"https:\/\/kudanarhiv.org\/wp-content\/uploads\/2021\/08\/mol-logo.png 407w, https:\/\/kudanarhiv.org\/wp-content\/uploads\/2021\/08\/mol-logo-300x91.png 300w\" sizes=\"auto, (max-width: 407px) 100vw, 407px\" \/><\/a><\/figure><\/div>\n\n\n\n<div class=\"wp-block-image\"><figure class=\"aligncenter\"><a href=\"http:\/\/kudanarhiv.org\/wp-content\/uploads\/2021\/10\/mkl-logo.png\"><img loading=\"lazy\" decoding=\"async\" width=\"153\" height=\"122\" src=\"http:\/\/kudanarhiv.org\/wp-content\/uploads\/2021\/10\/mkl-logo.png\" alt=\"\" class=\"wp-image-2921\"\/><\/a><\/figure><\/div>\n","protected":false},"excerpt":{"rendered":"<p>Na zadnjem sre\u010danju francoskega literarnega kro\u017eka smo se pogovarjali o goncourtovem nagrajenem romanu iz leta\u00a02012,\u00a0Le sermon sur la chute de Rome. Mnenja o romanu so bila zelo deljena. Medtem ko so v zgodbi nekateri videli analogijo z razpadom zahodne civilizacije, se je drugim ta zdela preve\u010d banalna, povezava z Avgu\u0161tinovo\u00a0pridigo pa kratkomalo pretenciozna. Leto\u0161njo sezono [&hellip;]<\/p>\n","protected":false},"author":9,"featured_media":3041,"comment_status":"closed","ping_status":"closed","sticky":false,"template":"","format":"standard","meta":{"footnotes":""},"categories":[8,3],"tags":[],"class_list":["post-3027","post","type-post","status-publish","format-standard","has-post-thumbnail","hentry","category-branja-info","category-info"],"_links":{"self":[{"href":"https:\/\/kudanarhiv.org\/index.php?rest_route=\/wp\/v2\/posts\/3027","targetHints":{"allow":["GET"]}}],"collection":[{"href":"https:\/\/kudanarhiv.org\/index.php?rest_route=\/wp\/v2\/posts"}],"about":[{"href":"https:\/\/kudanarhiv.org\/index.php?rest_route=\/wp\/v2\/types\/post"}],"author":[{"embeddable":true,"href":"https:\/\/kudanarhiv.org\/index.php?rest_route=\/wp\/v2\/users\/9"}],"replies":[{"embeddable":true,"href":"https:\/\/kudanarhiv.org\/index.php?rest_route=%2Fwp%2Fv2%2Fcomments&post=3027"}],"version-history":[{"count":2,"href":"https:\/\/kudanarhiv.org\/index.php?rest_route=\/wp\/v2\/posts\/3027\/revisions"}],"predecessor-version":[{"id":3042,"href":"https:\/\/kudanarhiv.org\/index.php?rest_route=\/wp\/v2\/posts\/3027\/revisions\/3042"}],"wp:featuredmedia":[{"embeddable":true,"href":"https:\/\/kudanarhiv.org\/index.php?rest_route=\/wp\/v2\/media\/3041"}],"wp:attachment":[{"href":"https:\/\/kudanarhiv.org\/index.php?rest_route=%2Fwp%2Fv2%2Fmedia&parent=3027"}],"wp:term":[{"taxonomy":"category","embeddable":true,"href":"https:\/\/kudanarhiv.org\/index.php?rest_route=%2Fwp%2Fv2%2Fcategories&post=3027"},{"taxonomy":"post_tag","embeddable":true,"href":"https:\/\/kudanarhiv.org\/index.php?rest_route=%2Fwp%2Fv2%2Ftags&post=3027"}],"curies":[{"name":"wp","href":"https:\/\/api.w.org\/{rel}","templated":true}]}}