{"id":312,"date":"2014-02-12T18:47:16","date_gmt":"2014-02-12T17:47:16","guid":{"rendered":"http:\/\/kudanarhiv.org\/?p=312"},"modified":"2014-02-12T18:48:04","modified_gmt":"2014-02-12T17:48:04","slug":"dogajanja-nacrti-in-prihodnost","status":"publish","type":"post","link":"https:\/\/kudanarhiv.org\/?p=312","title":{"rendered":"Dogajanja, na\u010drti in prihodnost"},"content":{"rendered":"<p>Po\u0161teno smo zakorakali v novo leto, z novimi \u017eeljami, pri\u010dakovanji, cilji, pa tudi obljubami iz leta 2013.<\/p>\n<p>Drage in dragi, \u017ee prav kmalu bomo objavili nagrajence na\u0161ega velikega nate\u010daja, dali v posluh posnetke predavanj, ki smo jih organizirali v Knji\u017enici \u0160i\u0161ka, ne nazadnje pa tudi razkrili nekaj na\u0161ih prihodnjih programskih na\u010drtov.\u00a0Ob tem naj izpostavimo literarno obarvane ve\u010dere, ki jih bo v Knji\u017enici \u0160i\u0161ka organiziral Toma\u017e Kova\u010di\u010d, sicer na\u0161 prostovoljec, ki med drugim pi\u0161e tudi pesmi. Tako boste lahko \u017ee ta \u010detrtek, 13.2.2014,\u00a0ob 19.00 na ARS-u, (ponovitev ob 23.05 na 1. programu; ali pa na MMC-ju) prisluhnili njegovim pesmim v oddaji <a href=\"http:\/\/ars.rtvslo.si\/tomaz-kovacic-nic\/\">Literarni nokturno<\/a>!<\/p>\n<p>Naj vas ob tem povabimo \u0161e na mini razstavo izdelkov otro\u0161kih delavnic De\u017eela \u0161kratkov in Ustvarjam po obdobjih, ki smo jo postavili v na\u0161ih prostorih na Kersnikovi ulici!<\/p>\n<p>Pridite na obisk, pre\u010ditajte zanimive knji\u017ene naslove, popijte brezpla\u010den \u010daj\u010dek ali mini kavico ter si izposodite literaturo, ki jo boste v drugih knji\u017enicah te\u017eko na\u0161li!<\/p>\n<p><a href=\"http:\/\/kudanarhiv.org\/wp-content\/uploads\/2014\/02\/ni\u010d.gif\"><img loading=\"lazy\" decoding=\"async\" class=\"aligncenter size-medium wp-image-313\" alt=\"\" src=\"http:\/\/kudanarhiv.org\/wp-content\/uploads\/2014\/02\/ni\u010d-300x300.gif\" width=\"300\" height=\"300\" srcset=\"https:\/\/kudanarhiv.org\/wp-content\/uploads\/2014\/02\/ni\u010d-300x300.gif 300w, https:\/\/kudanarhiv.org\/wp-content\/uploads\/2014\/02\/ni\u010d-150x150.gif 150w\" sizes=\"auto, (max-width: 300px) 100vw, 300px\" \/><\/a><\/p>\n","protected":false},"excerpt":{"rendered":"<p>Po\u0161teno smo zakorakali v novo leto, z novimi \u017eeljami, pri\u010dakovanji, cilji, pa tudi obljubami iz leta 2013. Drage in dragi, \u017ee prav kmalu bomo objavili nagrajence na\u0161ega velikega nate\u010daja, dali v posluh posnetke predavanj, ki smo jih organizirali v Knji\u017enici \u0160i\u0161ka, ne nazadnje pa tudi razkrili nekaj na\u0161ih prihodnjih programskih na\u010drtov.\u00a0Ob tem naj izpostavimo literarno [&hellip;]<\/p>\n","protected":false},"author":2,"featured_media":0,"comment_status":"closed","ping_status":"closed","sticky":false,"template":"","format":"standard","meta":{"footnotes":""},"categories":[3],"tags":[],"class_list":["post-312","post","type-post","status-publish","format-standard","hentry","category-info"],"_links":{"self":[{"href":"https:\/\/kudanarhiv.org\/index.php?rest_route=\/wp\/v2\/posts\/312","targetHints":{"allow":["GET"]}}],"collection":[{"href":"https:\/\/kudanarhiv.org\/index.php?rest_route=\/wp\/v2\/posts"}],"about":[{"href":"https:\/\/kudanarhiv.org\/index.php?rest_route=\/wp\/v2\/types\/post"}],"author":[{"embeddable":true,"href":"https:\/\/kudanarhiv.org\/index.php?rest_route=\/wp\/v2\/users\/2"}],"replies":[{"embeddable":true,"href":"https:\/\/kudanarhiv.org\/index.php?rest_route=%2Fwp%2Fv2%2Fcomments&post=312"}],"version-history":[{"count":2,"href":"https:\/\/kudanarhiv.org\/index.php?rest_route=\/wp\/v2\/posts\/312\/revisions"}],"predecessor-version":[{"id":315,"href":"https:\/\/kudanarhiv.org\/index.php?rest_route=\/wp\/v2\/posts\/312\/revisions\/315"}],"wp:attachment":[{"href":"https:\/\/kudanarhiv.org\/index.php?rest_route=%2Fwp%2Fv2%2Fmedia&parent=312"}],"wp:term":[{"taxonomy":"category","embeddable":true,"href":"https:\/\/kudanarhiv.org\/index.php?rest_route=%2Fwp%2Fv2%2Fcategories&post=312"},{"taxonomy":"post_tag","embeddable":true,"href":"https:\/\/kudanarhiv.org\/index.php?rest_route=%2Fwp%2Fv2%2Ftags&post=312"}],"curies":[{"name":"wp","href":"https:\/\/api.w.org\/{rel}","templated":true}]}}