{"id":3228,"date":"2023-11-06T11:52:00","date_gmt":"2023-11-06T10:52:00","guid":{"rendered":"https:\/\/kudanarhiv.org\/?p=3228"},"modified":"2024-06-27T12:06:43","modified_gmt":"2024-06-27T10:06:43","slug":"literarna-srecanja-v-spanscini-21-11-2023-ob-18-00-knjiznica-siska-la-case-de-los-espiritus","status":"publish","type":"post","link":"https:\/\/kudanarhiv.org\/?p=3228","title":{"rendered":"literarna sre\u010danja v \u0161pan\u0161\u010dini, 21. 11. 2023 ob 18.00, knji\u017enica \u0161i\u0161ka: la case de los esp\u00edritus"},"content":{"rendered":"\n<p>Literarna sre\u010danja v \u0161pan\u0161\u010dini so bralna skupina, ki poteka enkrat mese\u010dno v \u0161panskem jeziku. V njej se posve\u010damo sodobnim avtoricam \u0161pansko govore\u010dega okolja.<\/p>\n\n\n\n<p>Tokrat se bomo pogovarjali o romanu <strong>Isabel Allende<\/strong>, <em>La case de los esp\u00edritus<\/em>.<\/p>\n\n\n<div class=\"wp-block-image\">\n<figure class=\"aligncenter size-full\"><a href=\"https:\/\/kudanarhiv.org\/wp-content\/uploads\/2024\/06\/isabel-allende.jpg\"><img loading=\"lazy\" decoding=\"async\" width=\"600\" height=\"600\" src=\"https:\/\/kudanarhiv.org\/wp-content\/uploads\/2024\/06\/isabel-allende.jpg\" alt=\"\" class=\"wp-image-3229\" srcset=\"https:\/\/kudanarhiv.org\/wp-content\/uploads\/2024\/06\/isabel-allende.jpg 600w, https:\/\/kudanarhiv.org\/wp-content\/uploads\/2024\/06\/isabel-allende-300x300.jpg 300w, https:\/\/kudanarhiv.org\/wp-content\/uploads\/2024\/06\/isabel-allende-150x150.jpg 150w\" sizes=\"auto, (max-width: 600px) 100vw, 600px\" \/><\/a><\/figure>\n<\/div>\n\n\n<p>Lepo vabljeni y \u00a1a leer!<\/p>\n\n\n\n<p>Katarina y Eva<\/p>\n\n\n\n<p class=\"has-text-align-center\">_____<\/p>\n\n\n\n<p class=\"has-text-align-center\"><em>Dela beremo v izvirniku, zaradi \u010desar tudi pogovor poteka v \u0161pan\u0161\u010dini.<\/em><\/p>\n\n\n\n<p class=\"has-text-align-center\"><em>Obvezne so predhodne&nbsp;<strong>prijave na naslov: eva.podobnik@mklj.si<\/strong><\/em><\/p>\n\n\n\n<hr class=\"wp-block-separator has-alpha-channel-opacity\"\/>\n\n\n\n<p>Literarna sre\u010danja v \u0161pan\u0161\u010dini vodita Katarina Kaji\u0107 in Eva Podobnik.<\/p>\n\n\n\n<div class=\"wp-block-columns are-vertically-aligned-center is-layout-flex wp-container-core-columns-is-layout-9d6595d7 wp-block-columns-is-layout-flex\">\n<div class=\"wp-block-column is-vertically-aligned-center is-layout-flow wp-block-column-is-layout-flow\"><div class=\"wp-block-image\">\n<figure class=\"aligncenter size-full is-resized\"><a href=\"http:\/\/kudanarhiv.org\/wp-content\/uploads\/2021\/08\/skratova-logo.png\"><img loading=\"lazy\" decoding=\"async\" width=\"200\" height=\"200\" src=\"http:\/\/kudanarhiv.org\/wp-content\/uploads\/2021\/08\/skratova-logo.png\" alt=\"\" class=\"wp-image-2903\" style=\"width:118px;height:auto\" srcset=\"https:\/\/kudanarhiv.org\/wp-content\/uploads\/2021\/08\/skratova-logo.png 200w, https:\/\/kudanarhiv.org\/wp-content\/uploads\/2021\/08\/skratova-logo-150x150.png 150w\" sizes=\"auto, (max-width: 200px) 100vw, 200px\" \/><\/a><\/figure>\n<\/div><\/div>\n\n\n\n<div class=\"wp-block-column is-vertically-aligned-center is-layout-flow wp-block-column-is-layout-flow\"><div class=\"wp-block-image\">\n<figure class=\"aligncenter size-full is-resized\"><a href=\"http:\/\/kudanarhiv.org\/wp-content\/uploads\/2021\/10\/mkl-logo.png\"><img loading=\"lazy\" decoding=\"async\" width=\"153\" height=\"122\" src=\"http:\/\/kudanarhiv.org\/wp-content\/uploads\/2021\/10\/mkl-logo.png\" alt=\"\" class=\"wp-image-2921\" style=\"width:178px;height:auto\"\/><\/a><\/figure>\n<\/div><\/div>\n\n\n\n<div class=\"wp-block-column is-vertically-aligned-center is-layout-flow wp-block-column-is-layout-flow\"><div class=\"wp-block-image\">\n<figure class=\"aligncenter size-full is-resized\"><a href=\"http:\/\/kudanarhiv.org\/wp-content\/uploads\/2021\/08\/mol-logo.png\"><img loading=\"lazy\" decoding=\"async\" width=\"407\" height=\"124\" src=\"http:\/\/kudanarhiv.org\/wp-content\/uploads\/2021\/08\/mol-logo.png\" alt=\"\" class=\"wp-image-2904\" style=\"width:332px;height:auto\" srcset=\"https:\/\/kudanarhiv.org\/wp-content\/uploads\/2021\/08\/mol-logo.png 407w, https:\/\/kudanarhiv.org\/wp-content\/uploads\/2021\/08\/mol-logo-300x91.png 300w\" sizes=\"auto, (max-width: 407px) 100vw, 407px\" \/><\/a><\/figure>\n<\/div><\/div>\n<\/div>\n\n\n\n<p>Literarna sre\u010danaja v \u0161pan\u0161\u010dini sofinancirajo KUD Anarhiv, program \u0160kratova \u010ditalnica, Mestna knji\u017enica Ljubljana, Knji\u017enica \u0160i\u0161ka in Mestna ob\u010dina Ljubljana.<\/p>\n","protected":false},"excerpt":{"rendered":"<p>Literarna sre\u010danja v \u0161pan\u0161\u010dini so bralna skupina, ki poteka enkrat mese\u010dno v \u0161panskem jeziku. V njej se posve\u010damo sodobnim avtoricam \u0161pansko govore\u010dega okolja. Tokrat se bomo pogovarjali o romanu Isabel Allende, La case de los esp\u00edritus. Lepo vabljeni y \u00a1a leer! Katarina y Eva _____ Dela beremo v izvirniku, zaradi \u010desar tudi pogovor poteka v [&hellip;]<\/p>\n","protected":false},"author":9,"featured_media":3229,"comment_status":"closed","ping_status":"closed","sticky":false,"template":"","format":"standard","meta":{"footnotes":""},"categories":[7],"tags":[],"class_list":["post-3228","post","type-post","status-publish","format-standard","has-post-thumbnail","hentry","category-branja"],"_links":{"self":[{"href":"https:\/\/kudanarhiv.org\/index.php?rest_route=\/wp\/v2\/posts\/3228","targetHints":{"allow":["GET"]}}],"collection":[{"href":"https:\/\/kudanarhiv.org\/index.php?rest_route=\/wp\/v2\/posts"}],"about":[{"href":"https:\/\/kudanarhiv.org\/index.php?rest_route=\/wp\/v2\/types\/post"}],"author":[{"embeddable":true,"href":"https:\/\/kudanarhiv.org\/index.php?rest_route=\/wp\/v2\/users\/9"}],"replies":[{"embeddable":true,"href":"https:\/\/kudanarhiv.org\/index.php?rest_route=%2Fwp%2Fv2%2Fcomments&post=3228"}],"version-history":[{"count":3,"href":"https:\/\/kudanarhiv.org\/index.php?rest_route=\/wp\/v2\/posts\/3228\/revisions"}],"predecessor-version":[{"id":3232,"href":"https:\/\/kudanarhiv.org\/index.php?rest_route=\/wp\/v2\/posts\/3228\/revisions\/3232"}],"wp:featuredmedia":[{"embeddable":true,"href":"https:\/\/kudanarhiv.org\/index.php?rest_route=\/wp\/v2\/media\/3229"}],"wp:attachment":[{"href":"https:\/\/kudanarhiv.org\/index.php?rest_route=%2Fwp%2Fv2%2Fmedia&parent=3228"}],"wp:term":[{"taxonomy":"category","embeddable":true,"href":"https:\/\/kudanarhiv.org\/index.php?rest_route=%2Fwp%2Fv2%2Fcategories&post=3228"},{"taxonomy":"post_tag","embeddable":true,"href":"https:\/\/kudanarhiv.org\/index.php?rest_route=%2Fwp%2Fv2%2Ftags&post=3228"}],"curies":[{"name":"wp","href":"https:\/\/api.w.org\/{rel}","templated":true}]}}