{"id":3239,"date":"2024-02-12T00:22:00","date_gmt":"2024-02-11T23:22:00","guid":{"rendered":"https:\/\/kudanarhiv.org\/?p=3239"},"modified":"2024-06-27T12:30:58","modified_gmt":"2024-06-27T10:30:58","slug":"literarna-srecanja-v-spanscini-27-2-2024-ob-18-00-knjiznica-siska-el-corazon-del-dano","status":"publish","type":"post","link":"https:\/\/kudanarhiv.org\/?p=3239","title":{"rendered":"literarna sre\u010danja v \u0161pan\u0161\u010dini, 27. 2. 2024 ob 18.00, knji\u017enica \u0161i\u0161ka: El coraz\u00f3n del da\u00f1o"},"content":{"rendered":"\n<p>Literarna sre\u010danja v \u0161pan\u0161\u010dini so bralna skupina, ki poteka enkrat mese\u010dno v \u0161panskem jeziku. V njej se posve\u010damo sodobnim avtoricam \u0161pansko govore\u010dega okolja.<\/p>\n\n\n\n<p>Tokrat bomo brali roman argentinske pesnice, esejistke, romanopiske in prevajalke\u00a0<strong>Mar\u00ede Negroni<\/strong>\u00a0<em>El coraz\u00f3n del da\u00f1o.<\/em><\/p>\n\n\n<div class=\"wp-block-image\">\n<figure class=\"aligncenter size-full\"><a href=\"https:\/\/kudanarhiv.org\/wp-content\/uploads\/2024\/06\/negroni.jpg\"><img loading=\"lazy\" decoding=\"async\" width=\"881\" height=\"881\" src=\"https:\/\/kudanarhiv.org\/wp-content\/uploads\/2024\/06\/negroni.jpg\" alt=\"\" class=\"wp-image-3240\" srcset=\"https:\/\/kudanarhiv.org\/wp-content\/uploads\/2024\/06\/negroni.jpg 881w, https:\/\/kudanarhiv.org\/wp-content\/uploads\/2024\/06\/negroni-300x300.jpg 300w, https:\/\/kudanarhiv.org\/wp-content\/uploads\/2024\/06\/negroni-150x150.jpg 150w, https:\/\/kudanarhiv.org\/wp-content\/uploads\/2024\/06\/negroni-768x768.jpg 768w\" sizes=\"auto, (max-width: 881px) 100vw, 881px\" \/><\/a><\/figure>\n<\/div>\n\n\n<p><span style=\"font-family: Helvetica, Arial, Helvetica, sans-serif; font-size: 14px; white-space-collapse: collapse; color: initial;\">Lepo vabljeni y \u00a1a leer!<\/span><p style=\"box-sizing: border-box; border: 0px; font-family: Helvetica, Arial, Helvetica, sans-serif; font-size: 14px; margin: 0px 0px 24px; outline: 0px; padding: 0px; vertical-align: baseline; white-space-collapse: collapse;\">Katarina y Eva<\/p><p class=\"has-text-align-center\" style=\"box-sizing: border-box; border: 0px; font-family: Helvetica, Arial, Helvetica, sans-serif; font-size: 14px; margin: 0px 0px 24px; outline: 0px; padding: 0px; vertical-align: baseline; white-space-collapse: collapse;\">_____<\/p><p class=\"has-text-align-center\" style=\"box-sizing: border-box; border: 0px; font-family: Helvetica, Arial, Helvetica, sans-serif; font-size: 14px; margin: 0px 0px 24px; outline: 0px; padding: 0px; vertical-align: baseline; white-space-collapse: collapse;\"><em style=\"box-sizing: border-box; border: 0px; font-family: inherit; font-weight: inherit; margin: 0px; outline: 0px; padding: 0px; vertical-align: baseline;\">Dela beremo v izvirniku, zaradi \u010desar tudi pogovor poteka v \u0161pan\u0161\u010dini.<\/em><\/p><p class=\"has-text-align-center\" style=\"box-sizing: border-box; border: 0px; font-family: Helvetica, Arial, Helvetica, sans-serif; font-size: 14px; margin: 0px 0px 24px; outline: 0px; padding: 0px; vertical-align: baseline; white-space-collapse: collapse;\"><em style=\"box-sizing: border-box; border: 0px; font-family: inherit; font-weight: inherit; margin: 0px; outline: 0px; padding: 0px; vertical-align: baseline;\">Obvezne so predhodne\u00a0<span style=\"box-sizing: border-box; border: 0px; font-family: inherit; font-style: inherit; font-weight: 700; margin: 0px; outline: 0px; padding: 0px; vertical-align: baseline;\">prijave na naslov: eva.podobnik@mklj.si<\/span><\/em><\/p><hr class=\"wp-block-separator has-alpha-channel-opacity\" style=\"box-sizing: border-box; background-color: rgb(238, 238, 238); height: 1px; margin-bottom: 24px; margin-top: 24px; color: rgb(64, 64, 64); font-family: Helvetica, Arial, Helvetica, sans-serif; font-size: 14px; white-space-collapse: collapse;\"><\/hr><p style=\"box-sizing: border-box; border: 0px; font-family: Helvetica, Arial, Helvetica, sans-serif; font-size: 14px; margin: 0px 0px 24px; outline: 0px; padding: 0px; vertical-align: baseline; white-space-collapse: collapse;\">Literarna sre\u010danja v \u0161pan\u0161\u010dini vodita Katarina Kaji\u0107 in Eva Podobnik.<\/p><\/p>\n\n\n\n<div class=\"wp-block-columns are-vertically-aligned-center is-layout-flex wp-container-core-columns-is-layout-9d6595d7 wp-block-columns-is-layout-flex\">\n<div class=\"wp-block-column is-vertically-aligned-center is-layout-flow wp-block-column-is-layout-flow\"><div class=\"wp-block-image\">\n<figure class=\"aligncenter size-full is-resized\"><a href=\"http:\/\/kudanarhiv.org\/wp-content\/uploads\/2021\/08\/skratova-logo.png\"><img loading=\"lazy\" decoding=\"async\" width=\"200\" height=\"200\" src=\"http:\/\/kudanarhiv.org\/wp-content\/uploads\/2021\/08\/skratova-logo.png\" alt=\"\" class=\"wp-image-2903\" style=\"width:138px;height:auto\" srcset=\"https:\/\/kudanarhiv.org\/wp-content\/uploads\/2021\/08\/skratova-logo.png 200w, https:\/\/kudanarhiv.org\/wp-content\/uploads\/2021\/08\/skratova-logo-150x150.png 150w\" sizes=\"auto, (max-width: 200px) 100vw, 200px\" \/><\/a><\/figure>\n<\/div><\/div>\n\n\n\n<div class=\"wp-block-column is-vertically-aligned-center is-layout-flow wp-block-column-is-layout-flow\"><div class=\"wp-block-image\">\n<figure class=\"aligncenter size-full is-resized\"><a href=\"http:\/\/kudanarhiv.org\/wp-content\/uploads\/2021\/10\/mkl-logo.png\"><img loading=\"lazy\" decoding=\"async\" width=\"153\" height=\"122\" src=\"http:\/\/kudanarhiv.org\/wp-content\/uploads\/2021\/10\/mkl-logo.png\" alt=\"\" class=\"wp-image-2921\" style=\"width:191px;height:auto\"\/><\/a><\/figure>\n<\/div><\/div>\n\n\n\n<div class=\"wp-block-column is-vertically-aligned-center is-layout-flow wp-block-column-is-layout-flow\"><div class=\"wp-block-image\">\n<figure class=\"aligncenter size-full is-resized\"><a href=\"http:\/\/kudanarhiv.org\/wp-content\/uploads\/2021\/08\/mol-logo.png\"><img loading=\"lazy\" decoding=\"async\" width=\"407\" height=\"124\" src=\"http:\/\/kudanarhiv.org\/wp-content\/uploads\/2021\/08\/mol-logo.png\" alt=\"\" class=\"wp-image-2904\" style=\"width:312px;height:auto\" srcset=\"https:\/\/kudanarhiv.org\/wp-content\/uploads\/2021\/08\/mol-logo.png 407w, https:\/\/kudanarhiv.org\/wp-content\/uploads\/2021\/08\/mol-logo-300x91.png 300w\" sizes=\"auto, (max-width: 407px) 100vw, 407px\" \/><\/a><\/figure>\n<\/div><\/div>\n<\/div>\n\n\n\n<p>Literarna sre\u010danaja v \u0161pan\u0161\u010dini sofinancirajo KUD Anarhiv, program \u0160kratova \u010ditalnica, Mestna knji\u017enica Ljubljana, Knji\u017enica \u0160i\u0161ka in Mestna ob\u010dina Ljubljana.<\/p>\n","protected":false},"excerpt":{"rendered":"<p>Literarna sre\u010danja v \u0161pan\u0161\u010dini so bralna skupina, ki poteka enkrat mese\u010dno v \u0161panskem jeziku. V njej se posve\u010damo sodobnim avtoricam \u0161pansko govore\u010dega okolja. Tokrat bomo brali roman argentinske pesnice, esejistke, romanopiske in prevajalke\u00a0Mar\u00ede Negroni\u00a0El coraz\u00f3n del da\u00f1o. Lepo vabljeni y \u00a1a leer! Katarina y Eva _____ Dela beremo v izvirniku, zaradi \u010desar tudi pogovor poteka [&hellip;]<\/p>\n","protected":false},"author":9,"featured_media":3240,"comment_status":"closed","ping_status":"closed","sticky":false,"template":"","format":"standard","meta":{"footnotes":""},"categories":[7],"tags":[],"class_list":["post-3239","post","type-post","status-publish","format-standard","has-post-thumbnail","hentry","category-branja"],"_links":{"self":[{"href":"https:\/\/kudanarhiv.org\/index.php?rest_route=\/wp\/v2\/posts\/3239","targetHints":{"allow":["GET"]}}],"collection":[{"href":"https:\/\/kudanarhiv.org\/index.php?rest_route=\/wp\/v2\/posts"}],"about":[{"href":"https:\/\/kudanarhiv.org\/index.php?rest_route=\/wp\/v2\/types\/post"}],"author":[{"embeddable":true,"href":"https:\/\/kudanarhiv.org\/index.php?rest_route=\/wp\/v2\/users\/9"}],"replies":[{"embeddable":true,"href":"https:\/\/kudanarhiv.org\/index.php?rest_route=%2Fwp%2Fv2%2Fcomments&post=3239"}],"version-history":[{"count":1,"href":"https:\/\/kudanarhiv.org\/index.php?rest_route=\/wp\/v2\/posts\/3239\/revisions"}],"predecessor-version":[{"id":3241,"href":"https:\/\/kudanarhiv.org\/index.php?rest_route=\/wp\/v2\/posts\/3239\/revisions\/3241"}],"wp:featuredmedia":[{"embeddable":true,"href":"https:\/\/kudanarhiv.org\/index.php?rest_route=\/wp\/v2\/media\/3240"}],"wp:attachment":[{"href":"https:\/\/kudanarhiv.org\/index.php?rest_route=%2Fwp%2Fv2%2Fmedia&parent=3239"}],"wp:term":[{"taxonomy":"category","embeddable":true,"href":"https:\/\/kudanarhiv.org\/index.php?rest_route=%2Fwp%2Fv2%2Fcategories&post=3239"},{"taxonomy":"post_tag","embeddable":true,"href":"https:\/\/kudanarhiv.org\/index.php?rest_route=%2Fwp%2Fv2%2Ftags&post=3239"}],"curies":[{"name":"wp","href":"https:\/\/api.w.org\/{rel}","templated":true}]}}