{"id":371,"date":"2013-07-20T21:59:03","date_gmt":"2013-07-20T19:59:03","guid":{"rendered":"http:\/\/kudanarhiv.org\/?p=371"},"modified":"2014-03-13T22:05:05","modified_gmt":"2014-03-13T21:05:05","slug":"aktivno-v-sedanjost-aktivna-sedanjost-je-prihodnost","status":"publish","type":"post","link":"https:\/\/kudanarhiv.org\/?p=371","title":{"rendered":"Aktivno v sedanjost = aktivna sedanjost je prihodnost!"},"content":{"rendered":"<p style=\"text-align: center;\"><span style=\"color: #ff6600;\"><b><i>\u00a0<\/i><\/b><b><i>Si \u0161tudent\/ka, brezposeln\/a ali pa prekerno zaposlen\/a?<\/i><\/b><\/span><\/p>\n<p style=\"text-align: center;\"><span style=\"color: #ff6600;\"><b><i>Ima\u0161 idejo za projekt, pa se ne znajde\u0161 najbolje v mozaiku tak\u0161nih in druga\u010dnih razpisov?<\/i><\/b><\/span><\/p>\n<p style=\"text-align: center;\"><span style=\"color: #ff6600;\"><b><i>Ima\u0161 idejo za projekt, pa ti manjkata vzpodbuda in samozavest?<\/i><\/b><\/span><\/p>\n<p style=\"text-align: center;\"><span style=\"color: #ff6600;\"><b><i>Ima\u0161 \u017eeljo po pridobivanju novih izku\u0161enj s podro\u010dja organiziranja literarnih ve\u010derov, ve\u010derov iz anga\u017eirane humanistike in kriti\u010dnega dru\u017eboslovja, okroglih miz ipd.?<\/i><\/b><\/span><\/p>\n<p style=\"text-align: center;\"><span style=\"color: #ff6600;\"><b><i>Ima\u0161 \u017eeljo po organiziranju tak\u0161nih in druga\u010dnih delavnic?<\/i><\/b><\/span><\/p>\n<p style=\"text-align: center;\"><b><i><span style=\"color: #ff6600;\">Potrebuje\u0161 pomo\u010d pri snovanju projekta in zbiranju finan\u010dnih sredstev?<\/span><\/i><\/b><\/p>\n<p>&nbsp;<\/p>\n<p><span style=\"color: #000000;\">V <b><i>\u0160kratovi svetovalnici projektnega dela<\/i><\/b> ti vsak torek in \u010detrtek (od 15h do 19h) nudimo informacije o prilo\u017enostih za izvedbo in prijavljanje na razli\u010dne doma\u010de ter tuje razpise. Najde\u0161 nas v petem nadstropju stavbe na Kersnikovi 4, v prostorih \u0160kratove \u010ditalnice. Skupaj se bomo pogovorili o tvojih idejah in na\u010drtih, pregledali zasnovi in strukturo projekta, razmislili o primernih javnih razpisih in nudili pomo\u010d ob njihovem pisanju. Pomagamo pa ti lahko tudi z infrastrukturno podporo dru\u0161tva KUD Anarhiv, v okviru katerega na\u0161a svetovalnica tudi deluje. Pred obiskom nam napi\u0161i elektronsko sporo\u010dilo na <a href=\"mailto:skratovacital@gmail.com\"><span style=\"color: #000000;\">skratovacital(at)gmail.com<\/span><\/a>, da se dogovorimo za to\u010dno uro in datum na\u0161ega sre\u010danja.<\/span><\/p>\n<p style=\"text-align: center;\"><strong><em>Veselimo se snidenja s teboj!<\/em><\/strong><\/p>\n<p><span style=\"color: #000000;\">Projekt Aktivna sedanjost je prihodnost! se je izvaja v organizaciji Kulturno umetni\u0161kega dru\u0161tva Anarhiv, v sodelovanju s Knji\u017enico \u0160i\u0161ka, ki bo finan\u010dno podprla izvedena predavanja. Poleg Knji\u017enice \u0160i\u0161ka projekt finan\u010dno podpira tudi organizacija Univerze v Ljubljani \u0160OU. Projekt izvajamo tudi s pomo\u010djo Agencije IN.<\/span><\/p>\n","protected":false},"excerpt":{"rendered":"<p>\u00a0Si \u0161tudent\/ka, brezposeln\/a ali pa prekerno zaposlen\/a? Ima\u0161 idejo za projekt, pa se ne znajde\u0161 najbolje v mozaiku tak\u0161nih in druga\u010dnih razpisov? Ima\u0161 idejo za projekt, pa ti manjkata vzpodbuda in samozavest? Ima\u0161 \u017eeljo po pridobivanju novih izku\u0161enj s podro\u010dja organiziranja literarnih ve\u010derov, ve\u010derov iz anga\u017eirane humanistike in kriti\u010dnega dru\u017eboslovja, okroglih miz ipd.? Ima\u0161 \u017eeljo [&hellip;]<\/p>\n","protected":false},"author":2,"featured_media":0,"comment_status":"closed","ping_status":"closed","sticky":false,"template":"","format":"standard","meta":{"footnotes":""},"categories":[3],"tags":[],"class_list":["post-371","post","type-post","status-publish","format-standard","hentry","category-info"],"_links":{"self":[{"href":"https:\/\/kudanarhiv.org\/index.php?rest_route=\/wp\/v2\/posts\/371","targetHints":{"allow":["GET"]}}],"collection":[{"href":"https:\/\/kudanarhiv.org\/index.php?rest_route=\/wp\/v2\/posts"}],"about":[{"href":"https:\/\/kudanarhiv.org\/index.php?rest_route=\/wp\/v2\/types\/post"}],"author":[{"embeddable":true,"href":"https:\/\/kudanarhiv.org\/index.php?rest_route=\/wp\/v2\/users\/2"}],"replies":[{"embeddable":true,"href":"https:\/\/kudanarhiv.org\/index.php?rest_route=%2Fwp%2Fv2%2Fcomments&post=371"}],"version-history":[{"count":2,"href":"https:\/\/kudanarhiv.org\/index.php?rest_route=\/wp\/v2\/posts\/371\/revisions"}],"predecessor-version":[{"id":373,"href":"https:\/\/kudanarhiv.org\/index.php?rest_route=\/wp\/v2\/posts\/371\/revisions\/373"}],"wp:attachment":[{"href":"https:\/\/kudanarhiv.org\/index.php?rest_route=%2Fwp%2Fv2%2Fmedia&parent=371"}],"wp:term":[{"taxonomy":"category","embeddable":true,"href":"https:\/\/kudanarhiv.org\/index.php?rest_route=%2Fwp%2Fv2%2Fcategories&post=371"},{"taxonomy":"post_tag","embeddable":true,"href":"https:\/\/kudanarhiv.org\/index.php?rest_route=%2Fwp%2Fv2%2Ftags&post=371"}],"curies":[{"name":"wp","href":"https:\/\/api.w.org\/{rel}","templated":true}]}}