{"id":423,"date":"2014-06-23T22:10:46","date_gmt":"2014-06-23T20:10:46","guid":{"rendered":"http:\/\/kudanarhiv.org\/?p=423"},"modified":"2014-06-24T14:29:51","modified_gmt":"2014-06-24T12:29:51","slug":"bralni-krozek-klinicne-psihoanalize","status":"publish","type":"post","link":"https:\/\/kudanarhiv.org\/?p=423","title":{"rendered":"Bralni kro\u017eek klini\u010dne psihoanalize!!!"},"content":{"rendered":"<p><strong><a href=\"http:\/\/kudanarhiv.org\/wp-content\/uploads\/2014\/06\/freud.jpg\"><img loading=\"lazy\" decoding=\"async\" class=\"size-medium wp-image-426 aligncenter\" src=\"http:\/\/kudanarhiv.org\/wp-content\/uploads\/2014\/06\/freud-300x226.jpg\" alt=\"\" width=\"300\" height=\"226\" srcset=\"https:\/\/kudanarhiv.org\/wp-content\/uploads\/2014\/06\/freud-300x226.jpg 300w, https:\/\/kudanarhiv.org\/wp-content\/uploads\/2014\/06\/freud-1024x773.jpg 1024w, https:\/\/kudanarhiv.org\/wp-content\/uploads\/2014\/06\/freud-624x471.jpg 624w\" sizes=\"auto, (max-width: 300px) 100vw, 300px\" \/><\/a><\/strong><\/p>\n<p><strong>V okviru leto\u0161njih bralnih kro\u017ekov se je skupina \u0161tudentk in \u0161tudentov odlo\u010dila podrobneje seznaniti s klini\u010dno oziroma prakti\u010dno platjo psihoanaliti\u010dnih tematik. Tako se enkrat na 14 &#8211; 21 dni dobivajo ob prebiranju tekstov klini\u010dnih primerov in jih komentirajo na podlagi svojih teoretskih predznanj (iz preteklih dveh let bralnih kro\u017ekov v \u0160kratovi \u010ditalnici). Dve udele\u017eenki sta tudi v klini\u010dnem usposabljanju v tujini (v Avstriji in Italiji) in bosta ob\u010dasno predstavili tudi svoje dosedanje izku\u0161nje. V kolikor te tematika zanima, si vljudno vabljen\/a, da se skupini pridru\u017ei\u0161.<\/strong><\/p>\n<p>Pi\u0161i nam na elektronski naslov (skratovacital@gmail.com) ali preko na\u0161ega <a href=\"https:\/\/www.facebook.com\/skratova.citalnica?ref=tn_tnmn\">Facebook profila<\/a>. Obvestili te\u00a0bomo o natan\u010dnih datumih sre\u010danj ter izbranih besedilih, predvidenih za branje.<\/p>\n<h6><em>Bralni kro\u017eek finan\u010dno podpirata Mol &#8211; Urad za mladino in \u0160OU v Ljubljani.\u00a0<\/em><\/h6>\n","protected":false},"excerpt":{"rendered":"<p>V okviru leto\u0161njih bralnih kro\u017ekov se je skupina \u0161tudentk in \u0161tudentov odlo\u010dila podrobneje seznaniti s klini\u010dno oziroma prakti\u010dno platjo psihoanaliti\u010dnih tematik. Tako se enkrat na 14 &#8211; 21 dni dobivajo ob prebiranju tekstov klini\u010dnih primerov in jih komentirajo na podlagi svojih teoretskih predznanj (iz preteklih dveh let bralnih kro\u017ekov v \u0160kratovi \u010ditalnici). Dve udele\u017eenki sta [&hellip;]<\/p>\n","protected":false},"author":4,"featured_media":0,"comment_status":"closed","ping_status":"closed","sticky":false,"template":"","format":"standard","meta":{"footnotes":""},"categories":[3],"tags":[],"class_list":["post-423","post","type-post","status-publish","format-standard","hentry","category-info"],"_links":{"self":[{"href":"https:\/\/kudanarhiv.org\/index.php?rest_route=\/wp\/v2\/posts\/423","targetHints":{"allow":["GET"]}}],"collection":[{"href":"https:\/\/kudanarhiv.org\/index.php?rest_route=\/wp\/v2\/posts"}],"about":[{"href":"https:\/\/kudanarhiv.org\/index.php?rest_route=\/wp\/v2\/types\/post"}],"author":[{"embeddable":true,"href":"https:\/\/kudanarhiv.org\/index.php?rest_route=\/wp\/v2\/users\/4"}],"replies":[{"embeddable":true,"href":"https:\/\/kudanarhiv.org\/index.php?rest_route=%2Fwp%2Fv2%2Fcomments&post=423"}],"version-history":[{"count":8,"href":"https:\/\/kudanarhiv.org\/index.php?rest_route=\/wp\/v2\/posts\/423\/revisions"}],"predecessor-version":[{"id":433,"href":"https:\/\/kudanarhiv.org\/index.php?rest_route=\/wp\/v2\/posts\/423\/revisions\/433"}],"wp:attachment":[{"href":"https:\/\/kudanarhiv.org\/index.php?rest_route=%2Fwp%2Fv2%2Fmedia&parent=423"}],"wp:term":[{"taxonomy":"category","embeddable":true,"href":"https:\/\/kudanarhiv.org\/index.php?rest_route=%2Fwp%2Fv2%2Fcategories&post=423"},{"taxonomy":"post_tag","embeddable":true,"href":"https:\/\/kudanarhiv.org\/index.php?rest_route=%2Fwp%2Fv2%2Ftags&post=423"}],"curies":[{"name":"wp","href":"https:\/\/api.w.org\/{rel}","templated":true}]}}