{"id":492,"date":"2014-09-21T19:53:27","date_gmt":"2014-09-21T17:53:27","guid":{"rendered":"http:\/\/kudanarhiv.org\/?p=492"},"modified":"2014-09-21T19:53:27","modified_gmt":"2014-09-21T17:53:27","slug":"izvori-in-zmoznosti-fantasticnega-v-fantazijski-knjizevnosti-1-izvori-tomaz-kovacic","status":"publish","type":"post","link":"https:\/\/kudanarhiv.org\/?p=492","title":{"rendered":"Izvori in zmo\u017enosti fantasti\u010dnega v fantazijski knji\u017eevnosti 1: Izvori &#8211; Toma\u017e Kova\u010di\u010d"},"content":{"rendered":"<div class=\"itemExtraFields\" style=\"color: #666666;\">\n<p style=\"font-weight: bold;\"><span class=\"event-extra-label\">Prizori\u0161\u010de:<\/span>\u00a0<span class=\"event-extra-value\"><a style=\"color: #d97300;\" href=\"http:\/\/www.mklj.si\/prireditve\/itemlist\/filter?searchword12=Knjiznica+Siska&amp;moduleId=171\">Knji\u017enica \u0160i\u0161ka<\/a><\/span><\/p>\n<p style=\"font-weight: bold;\"><span class=\"event-extra-label\">Datum dogodka:<\/span>\u00a0<span class=\"event-extra-value\">ponedeljek, 22. september 2014 ob 18:00<\/span><\/p>\n<p style=\"font-weight: bold;\"><span class=\"event-extra-label\">Ciljna skupina:<\/span>\u00a0<span class=\"event-extra-value\"><a style=\"color: #d97300;\" href=\"http:\/\/www.mklj.si\/prireditve\/itemlist\/filter?array15[0]=Mladi&amp;moduleId=171\">Mladi<\/a><\/span>,\u00a0<span class=\"event-extra-value\"><a style=\"color: #d97300;\" href=\"http:\/\/www.mklj.si\/prireditve\/itemlist\/filter?array15[0]=Odrasli&amp;moduleId=171\">Odrasli<\/a><\/span>,\u00a0<span class=\"event-extra-value\"><a style=\"color: #d97300;\" href=\"http:\/\/www.mklj.si\/prireditve\/itemlist\/filter?array15[0]=Starejsi&amp;moduleId=171\">Starejsi<\/a><\/span><\/p>\n<p style=\"font-weight: bold;\"><span class=\"event-extra-label\">Tip dogodka<\/span>:\u00a0<span class=\"event-extra-value\"><a style=\"color: #d97300;\" href=\"http:\/\/www.mklj.si\/index.php?option=com_k2&amp;view=itemlist&amp;task=filter&amp;category=131&amp;moduleId=171&amp;Itemid=974\">Strokovna predavanja<\/a><\/span><\/p>\n<\/div>\n<div class=\"itemLinks\" style=\"color: #666666;\"><\/div>\n<div class=\"itemBody\" style=\"color: #666666;\">\n<div class=\"itemIntroText\">\n<p><span style=\"color: #262626;\">&#8220;Izvori in zmo\u017enosti fantasti\u010dnega v fantazijski knji\u017eevnosti\u00ab je sklop \u0161tirih predavanj, na katerih se bomo ukvarjali s fantazijsko knji\u017eevnostjo: njenim razvojem, predstavniki in smernicami.<\/span><\/p>\n<p><span style=\"color: #262626;\">Na prvem sre\u010danju bomo obravnavali pojem fantasti\u010dnega in v povezavi z njim o\u010drtali \u017eanr fantazijske knji\u017eevnosti. Njunega razvoja, glavnih dolo\u010dil in mej se bomo dotaknili ob iskanju vplivov in vzporednic v starej\u0161ih oblikah knji\u017eevnosti, kot so miti, epi, pravljice in romance.<\/span><\/p>\n<\/div>\n<div class=\"itemFullText\">Predavanja, ki jih soorganizirata Knji\u017enica \u0160i\u0161ka in \u0160kratova \u010citalnica (KUD Anarhiv), se bodo odvijala enkrat mese\u010dno.<\/p>\n<p>&#8212;<\/p>\n<p>\u00bbIzvore in zmo\u017enosti fantasti\u010dnega v fantazijski knji\u017eevnosti\u00ab podpirajo Knji\u017enica \u0160i\u0161ka, Urad za mladino \u2013 MOL in organizacija Univerze v Ljubljani \u0160OU.<\/p><\/div>\n<div class=\"itemFullText\"><\/div>\n<div class=\"itemFullText\"><a href=\"http:\/\/kudanarhiv.org\/wp-content\/uploads\/2014\/09\/slika.jpg\"><img loading=\"lazy\" decoding=\"async\" class=\"aligncenter size-medium wp-image-493\" src=\"http:\/\/kudanarhiv.org\/wp-content\/uploads\/2014\/09\/slika-300x207.jpg\" alt=\"\" width=\"300\" height=\"207\" srcset=\"https:\/\/kudanarhiv.org\/wp-content\/uploads\/2014\/09\/slika-300x207.jpg 300w, https:\/\/kudanarhiv.org\/wp-content\/uploads\/2014\/09\/slika-1024x709.jpg 1024w, https:\/\/kudanarhiv.org\/wp-content\/uploads\/2014\/09\/slika-624x432.jpg 624w, https:\/\/kudanarhiv.org\/wp-content\/uploads\/2014\/09\/slika.jpg 1074w\" sizes=\"auto, (max-width: 300px) 100vw, 300px\" \/><\/a><\/div>\n<\/div>\n","protected":false},"excerpt":{"rendered":"<p>Prizori\u0161\u010de:\u00a0Knji\u017enica \u0160i\u0161ka Datum dogodka:\u00a0ponedeljek, 22. september 2014 ob 18:00 Ciljna skupina:\u00a0Mladi,\u00a0Odrasli,\u00a0Starejsi Tip dogodka:\u00a0Strokovna predavanja &#8220;Izvori in zmo\u017enosti fantasti\u010dnega v fantazijski knji\u017eevnosti\u00ab je sklop \u0161tirih predavanj, na katerih se bomo ukvarjali s fantazijsko knji\u017eevnostjo: njenim razvojem, predstavniki in smernicami. Na prvem sre\u010danju bomo obravnavali pojem fantasti\u010dnega in v povezavi z njim o\u010drtali \u017eanr fantazijske knji\u017eevnosti. Njunega [&hellip;]<\/p>\n","protected":false},"author":2,"featured_media":0,"comment_status":"closed","ping_status":"closed","sticky":false,"template":"","format":"standard","meta":{"footnotes":""},"categories":[3],"tags":[],"class_list":["post-492","post","type-post","status-publish","format-standard","hentry","category-info"],"_links":{"self":[{"href":"https:\/\/kudanarhiv.org\/index.php?rest_route=\/wp\/v2\/posts\/492","targetHints":{"allow":["GET"]}}],"collection":[{"href":"https:\/\/kudanarhiv.org\/index.php?rest_route=\/wp\/v2\/posts"}],"about":[{"href":"https:\/\/kudanarhiv.org\/index.php?rest_route=\/wp\/v2\/types\/post"}],"author":[{"embeddable":true,"href":"https:\/\/kudanarhiv.org\/index.php?rest_route=\/wp\/v2\/users\/2"}],"replies":[{"embeddable":true,"href":"https:\/\/kudanarhiv.org\/index.php?rest_route=%2Fwp%2Fv2%2Fcomments&post=492"}],"version-history":[{"count":1,"href":"https:\/\/kudanarhiv.org\/index.php?rest_route=\/wp\/v2\/posts\/492\/revisions"}],"predecessor-version":[{"id":494,"href":"https:\/\/kudanarhiv.org\/index.php?rest_route=\/wp\/v2\/posts\/492\/revisions\/494"}],"wp:attachment":[{"href":"https:\/\/kudanarhiv.org\/index.php?rest_route=%2Fwp%2Fv2%2Fmedia&parent=492"}],"wp:term":[{"taxonomy":"category","embeddable":true,"href":"https:\/\/kudanarhiv.org\/index.php?rest_route=%2Fwp%2Fv2%2Fcategories&post=492"},{"taxonomy":"post_tag","embeddable":true,"href":"https:\/\/kudanarhiv.org\/index.php?rest_route=%2Fwp%2Fv2%2Ftags&post=492"}],"curies":[{"name":"wp","href":"https:\/\/api.w.org\/{rel}","templated":true}]}}