{"id":634,"date":"2014-12-18T21:29:23","date_gmt":"2014-12-18T20:29:23","guid":{"rendered":"http:\/\/kudanarhiv.org\/?p=634"},"modified":"2015-01-07T19:04:16","modified_gmt":"2015-01-07T18:04:16","slug":"skratova-galerija-otvoritev-30-12-2014","status":"publish","type":"post","link":"https:\/\/kudanarhiv.org\/?p=634","title":{"rendered":"\u0160kratova Galerija: otvoritev 29.12.2014 prestavljena zaradi bolezni!"},"content":{"rendered":"<h4>OTVORITEV GALERIJE ZARADI BOLEZNI PRESTAVLJENA! NOV TERMIN BOMO OBJAVILI TEKOM TEDNA!<\/h4>\n<p>V \u0160kratovi galeriji bomo zbirali izlive ustvarjalnosti mladih, \u0161tudentk in \u0161tudentov, mladih po srcu, skratka tokove, vetrove in preboje, ki bruhajo zdaj tja, zdaj sem.\u00a0Vratarjev, ki bi odlo\u010dali, kaj je dobro in kaj slabo, nimamo, saj smo mnenja, da je okus le umetna konstrukcija.\u00a0\u0160e posebno pozdravljamo dela, ki kriti\u010dno posredno oz. neposredno odgovarjajo na aktualno sedanjost, lahko tudi prek pre\u010denja razli\u010dnih nosilcev ustvarjanja.\u00a0Ve\u010dkrat letno bomo izmenjevali cikle predstavljenih avtoric in avtorjev.\u00a0<strong><em>Svoja dela nam lahko po\u0161iljate skozi vse leto na skratovacital@gmail.com.<\/em><\/strong><\/p>\n<div class=\"ajR\" tabindex=\"0\" data-tooltip=\"Prika\u017ee del vsebine\"><\/div>\n<p>Za za\u010detek se nam bo predstavila <em>neodvisna zalo\u017eba &#8220;\u0160OP Records&#8221;<\/em>, ki se je povila med pripeko trinajstega leta tretjega tiso\u010dletja. Stresanje podpodja bo zalo\u017eba tako\u00a0nadaljevala\u00a0z\u00a0izbranimi avdiovizualnimi\u00a0gradivi, ki so prilo\u017eena k digitalnim in fizi\u010dnim izdajam zalo\u017ebe.<\/p>\n<div class=\"yj6qo ajU\">\n<h4 class=\"ajR\" tabindex=\"0\" data-tooltip=\"Prika\u017ee del vsebine\"><em>Otvoritev galerije bomo nadaljevali na zaklju\u010dnem ve\u010deru, ki se bo ob 19.00 v Klubu Sot 24, 5 zdru\u017eil z zaklju\u010dnim ve\u010derom projekta Meje mojega jezika so meje mojega sveta?.\u00a0<\/em><\/h4>\n<h6 class=\"ajR\" tabindex=\"0\" data-tooltip=\"Prika\u017ee del vsebine\">\u0160kratovo galerijo finan\u010dno podpirajo Mestna ob\u010dina Ljubljana in \u0160OU. Infrastrukturno pa tudi KUD Mre\u017ea, Yhd &#8211; Dru\u0161tvo za teorijo in kulturo hendikepa.<\/h6>\n<p><em>Opozorilo: razstav \u017eal zaenkrat ne zmoremo honorirati. Obljubljamo pa vam ve\u010dno \u0161kratovsko slavo.\u00a0<\/em><\/p>\n<\/div>\n","protected":false},"excerpt":{"rendered":"<p>OTVORITEV GALERIJE ZARADI BOLEZNI PRESTAVLJENA! NOV TERMIN BOMO OBJAVILI TEKOM TEDNA! V \u0160kratovi galeriji bomo zbirali izlive ustvarjalnosti mladih, \u0161tudentk in \u0161tudentov, mladih po srcu, skratka tokove, vetrove in preboje, ki bruhajo zdaj tja, zdaj sem.\u00a0Vratarjev, ki bi odlo\u010dali, kaj je dobro in kaj slabo, nimamo, saj smo mnenja, da je okus le umetna konstrukcija.\u00a0\u0160e [&hellip;]<\/p>\n","protected":false},"author":2,"featured_media":0,"comment_status":"closed","ping_status":"closed","sticky":false,"template":"","format":"standard","meta":{"footnotes":""},"categories":[3],"tags":[],"class_list":["post-634","post","type-post","status-publish","format-standard","hentry","category-info"],"_links":{"self":[{"href":"https:\/\/kudanarhiv.org\/index.php?rest_route=\/wp\/v2\/posts\/634","targetHints":{"allow":["GET"]}}],"collection":[{"href":"https:\/\/kudanarhiv.org\/index.php?rest_route=\/wp\/v2\/posts"}],"about":[{"href":"https:\/\/kudanarhiv.org\/index.php?rest_route=\/wp\/v2\/types\/post"}],"author":[{"embeddable":true,"href":"https:\/\/kudanarhiv.org\/index.php?rest_route=\/wp\/v2\/users\/2"}],"replies":[{"embeddable":true,"href":"https:\/\/kudanarhiv.org\/index.php?rest_route=%2Fwp%2Fv2%2Fcomments&post=634"}],"version-history":[{"count":9,"href":"https:\/\/kudanarhiv.org\/index.php?rest_route=\/wp\/v2\/posts\/634\/revisions"}],"predecessor-version":[{"id":692,"href":"https:\/\/kudanarhiv.org\/index.php?rest_route=\/wp\/v2\/posts\/634\/revisions\/692"}],"wp:attachment":[{"href":"https:\/\/kudanarhiv.org\/index.php?rest_route=%2Fwp%2Fv2%2Fmedia&parent=634"}],"wp:term":[{"taxonomy":"category","embeddable":true,"href":"https:\/\/kudanarhiv.org\/index.php?rest_route=%2Fwp%2Fv2%2Fcategories&post=634"},{"taxonomy":"post_tag","embeddable":true,"href":"https:\/\/kudanarhiv.org\/index.php?rest_route=%2Fwp%2Fv2%2Ftags&post=634"}],"curies":[{"name":"wp","href":"https:\/\/api.w.org\/{rel}","templated":true}]}}