{"id":696,"date":"2015-01-09T08:46:09","date_gmt":"2015-01-09T07:46:09","guid":{"rendered":"http:\/\/kudanarhiv.org\/?p=696"},"modified":"2015-02-08T18:00:38","modified_gmt":"2015-02-08T17:00:38","slug":"leposlovni-feministicni-krozek-tretjic","status":"publish","type":"post","link":"https:\/\/kudanarhiv.org\/?p=696","title":{"rendered":"Leposlovni feministi\u010dni kro\u017eek: tretji\u010d"},"content":{"rendered":"<p style=\"text-align: center;\"><span style=\"font-family: arial, helvetica, sans-serif;\">V februarju se bomo \u017ee tretji\u010d sre\u010dali na feministi\u010dnem leposlovnem kro\u017eku, ki ga moderira Petra Meterc. Snidemo se 11.2.2015 ob 17.00, v prostorih \u0160kratove \u010ditalnice na Kersnikovi ulici. <\/span><\/p>\n<p style=\"text-align: center;\"><span style=\"font-family: arial, helvetica, sans-serif;\">Na drugem sre\u010danju smo se pogovarjali o romanu <i>Stena\u00a0<\/i>Marlen Haushofer, tokrat\u00a0pa je na bralnem seznamu <i>Stekleni zvon<\/i> <a href=\"http:\/\/en.wikipedia.org\/wiki\/Sylvia_Plath\">Sylvie Plath<\/a>.<\/span><\/p>\n<p style=\"text-align: center;\"><span style=\"font-family: arial, helvetica, sans-serif;\">Vabljene, vabljene, vabljeni, vabljeni! Za ve\u010d informacij pi\u0161ite na\u00a0<a href=\"mailto:skratovacital@gmail.com\" target=\"_blank\">skratovacital@gmail.com<\/a>.<\/span><\/p>\n<div style=\"text-align: center;\"><\/div>\n<div style=\"text-align: center;\"><\/div>\n<p style=\"text-align: center;\"><span style=\"color: #222222; font-size: 12.7272720336914px; line-height: normal; font-family: arial, helvetica, sans-serif;\"><a href=\"http:\/\/kudanarhiv.org\/wp-content\/uploads\/2015\/01\/knjige44-foto-sylvia.jpg\"><img loading=\"lazy\" decoding=\"async\" class=\"aligncenter size-medium wp-image-697\" src=\"http:\/\/kudanarhiv.org\/wp-content\/uploads\/2015\/01\/knjige44-foto-sylvia-300x197.jpg\" alt=\"\" width=\"300\" height=\"197\" srcset=\"https:\/\/kudanarhiv.org\/wp-content\/uploads\/2015\/01\/knjige44-foto-sylvia-300x197.jpg 300w, https:\/\/kudanarhiv.org\/wp-content\/uploads\/2015\/01\/knjige44-foto-sylvia.jpg 400w\" sizes=\"auto, (max-width: 300px) 100vw, 300px\" \/><\/a><\/span><\/p>\n<h6 style=\"text-align: center;\"><\/h6>\n<h6 style=\"text-align: center;\">Literarna sre\u010danja financira Mestna ob\u010dina Ljubljana &#8211; Urad za mladino Mol.<\/h6>\n","protected":false},"excerpt":{"rendered":"<p>V februarju se bomo \u017ee tretji\u010d sre\u010dali na feministi\u010dnem leposlovnem kro\u017eku, ki ga moderira Petra Meterc. Snidemo se 11.2.2015 ob 17.00, v prostorih \u0160kratove \u010ditalnice na Kersnikovi ulici. Na drugem sre\u010danju smo se pogovarjali o romanu Stena\u00a0Marlen Haushofer, tokrat\u00a0pa je na bralnem seznamu Stekleni zvon Sylvie Plath. Vabljene, vabljene, vabljeni, vabljeni! Za ve\u010d informacij pi\u0161ite [&hellip;]<\/p>\n","protected":false},"author":2,"featured_media":0,"comment_status":"closed","ping_status":"closed","sticky":false,"template":"","format":"standard","meta":{"footnotes":""},"categories":[3],"tags":[],"class_list":["post-696","post","type-post","status-publish","format-standard","hentry","category-info"],"_links":{"self":[{"href":"https:\/\/kudanarhiv.org\/index.php?rest_route=\/wp\/v2\/posts\/696","targetHints":{"allow":["GET"]}}],"collection":[{"href":"https:\/\/kudanarhiv.org\/index.php?rest_route=\/wp\/v2\/posts"}],"about":[{"href":"https:\/\/kudanarhiv.org\/index.php?rest_route=\/wp\/v2\/types\/post"}],"author":[{"embeddable":true,"href":"https:\/\/kudanarhiv.org\/index.php?rest_route=\/wp\/v2\/users\/2"}],"replies":[{"embeddable":true,"href":"https:\/\/kudanarhiv.org\/index.php?rest_route=%2Fwp%2Fv2%2Fcomments&post=696"}],"version-history":[{"count":4,"href":"https:\/\/kudanarhiv.org\/index.php?rest_route=\/wp\/v2\/posts\/696\/revisions"}],"predecessor-version":[{"id":824,"href":"https:\/\/kudanarhiv.org\/index.php?rest_route=\/wp\/v2\/posts\/696\/revisions\/824"}],"wp:attachment":[{"href":"https:\/\/kudanarhiv.org\/index.php?rest_route=%2Fwp%2Fv2%2Fmedia&parent=696"}],"wp:term":[{"taxonomy":"category","embeddable":true,"href":"https:\/\/kudanarhiv.org\/index.php?rest_route=%2Fwp%2Fv2%2Fcategories&post=696"},{"taxonomy":"post_tag","embeddable":true,"href":"https:\/\/kudanarhiv.org\/index.php?rest_route=%2Fwp%2Fv2%2Ftags&post=696"}],"curies":[{"name":"wp","href":"https:\/\/api.w.org\/{rel}","templated":true}]}}