{"id":715,"date":"2015-01-20T10:07:34","date_gmt":"2015-01-20T09:07:34","guid":{"rendered":"http:\/\/kudanarhiv.org\/?p=715"},"modified":"2015-02-03T11:24:34","modified_gmt":"2015-02-03T10:24:34","slug":"slivovka-lazar-in-kuduro-nekonvencionalen-vecer-z-andrejem-tomazinom-ob-izdaji-prvenca-stramorjevi-koraki","status":"publish","type":"post","link":"https:\/\/kudanarhiv.org\/?p=715","title":{"rendered":"Slivovka, Lazar in kuduro: nekonvencionalen ve\u010der z Andrejem Toma\u017einom ob izdaji prvenca Stramorjevi koraki"},"content":{"rendered":"<p><em>Ob izdaji prvenca Stramorjevi koraki, ki je iz\u0161el pri zalo\u017ebi Litera, Vas vabimo na pogovor z avtorjem Andrejem Toma\u017einom, mo\u017eakom mnogih talentov in ustvarjalnih se\u010di\u0161\u010d. Dialog bo sku\u0161al ciljati in zgre\u0161iti te preseke, se z njimi spraviti v zadrego ter ob gla\u017eu \u017eganega premostiti morebitne nastale zamere.\u00a0<\/em><\/p>\n<p><a href=\"http:\/\/kudanarhiv.org\/wp-content\/uploads\/2015\/01\/4slika.jpg\"><img loading=\"lazy\" decoding=\"async\" class=\"aligncenter size-medium wp-image-820\" src=\"http:\/\/kudanarhiv.org\/wp-content\/uploads\/2015\/01\/4slika-300x225.jpg\" alt=\"\" width=\"300\" height=\"225\" srcset=\"https:\/\/kudanarhiv.org\/wp-content\/uploads\/2015\/01\/4slika-300x225.jpg 300w, https:\/\/kudanarhiv.org\/wp-content\/uploads\/2015\/01\/4slika-624x468.jpg 624w, https:\/\/kudanarhiv.org\/wp-content\/uploads\/2015\/01\/4slika.jpg 960w\" sizes=\"auto, (max-width: 300px) 100vw, 300px\" \/><\/a><\/p>\n<p>KDAJ: 22.1.2015, v Info centru \u0160KUC, ob 20.00<\/p>\n<p>Z Andrejem se bo pogovarjal Tit.<\/p>\n<p>&nbsp;<\/p>\n<p><a href=\"http:\/\/kudanarhiv.org\/wp-content\/uploads\/2015\/01\/andrej-tomazin.jpg\"><img loading=\"lazy\" decoding=\"async\" class=\"aligncenter size-medium wp-image-716\" src=\"http:\/\/kudanarhiv.org\/wp-content\/uploads\/2015\/01\/andrej-tomazin-300x263.jpg\" alt=\"\" width=\"300\" height=\"263\" srcset=\"https:\/\/kudanarhiv.org\/wp-content\/uploads\/2015\/01\/andrej-tomazin-300x263.jpg 300w, https:\/\/kudanarhiv.org\/wp-content\/uploads\/2015\/01\/andrej-tomazin.jpg 1024w, https:\/\/kudanarhiv.org\/wp-content\/uploads\/2015\/01\/andrej-tomazin-624x546.jpg 624w\" sizes=\"auto, (max-width: 300px) 100vw, 300px\" \/><\/a><\/p>\n<h6>Nekonvencionalen ve\u010der organiziramo v okviru triletnega programa &#8220;\u0160kratova \u010citalnica&#8221;, ki ga financira Mestna ob\u010dina Ljubljana. Za prostorsko infrastrukturo se zahvaljujemo Dru\u0161tvu \u0160kuc.<\/h6>\n","protected":false},"excerpt":{"rendered":"<p>Ob izdaji prvenca Stramorjevi koraki, ki je iz\u0161el pri zalo\u017ebi Litera, Vas vabimo na pogovor z avtorjem Andrejem Toma\u017einom, mo\u017eakom mnogih talentov in ustvarjalnih se\u010di\u0161\u010d. Dialog bo sku\u0161al ciljati in zgre\u0161iti te preseke, se z njimi spraviti v zadrego ter ob gla\u017eu \u017eganega premostiti morebitne nastale zamere.\u00a0 KDAJ: 22.1.2015, v Info centru \u0160KUC, ob 20.00 [&hellip;]<\/p>\n","protected":false},"author":2,"featured_media":0,"comment_status":"closed","ping_status":"closed","sticky":false,"template":"","format":"standard","meta":{"footnotes":""},"categories":[3],"tags":[],"class_list":["post-715","post","type-post","status-publish","format-standard","hentry","category-info"],"_links":{"self":[{"href":"https:\/\/kudanarhiv.org\/index.php?rest_route=\/wp\/v2\/posts\/715","targetHints":{"allow":["GET"]}}],"collection":[{"href":"https:\/\/kudanarhiv.org\/index.php?rest_route=\/wp\/v2\/posts"}],"about":[{"href":"https:\/\/kudanarhiv.org\/index.php?rest_route=\/wp\/v2\/types\/post"}],"author":[{"embeddable":true,"href":"https:\/\/kudanarhiv.org\/index.php?rest_route=\/wp\/v2\/users\/2"}],"replies":[{"embeddable":true,"href":"https:\/\/kudanarhiv.org\/index.php?rest_route=%2Fwp%2Fv2%2Fcomments&post=715"}],"version-history":[{"count":2,"href":"https:\/\/kudanarhiv.org\/index.php?rest_route=\/wp\/v2\/posts\/715\/revisions"}],"predecessor-version":[{"id":821,"href":"https:\/\/kudanarhiv.org\/index.php?rest_route=\/wp\/v2\/posts\/715\/revisions\/821"}],"wp:attachment":[{"href":"https:\/\/kudanarhiv.org\/index.php?rest_route=%2Fwp%2Fv2%2Fmedia&parent=715"}],"wp:term":[{"taxonomy":"category","embeddable":true,"href":"https:\/\/kudanarhiv.org\/index.php?rest_route=%2Fwp%2Fv2%2Fcategories&post=715"},{"taxonomy":"post_tag","embeddable":true,"href":"https:\/\/kudanarhiv.org\/index.php?rest_route=%2Fwp%2Fv2%2Ftags&post=715"}],"curies":[{"name":"wp","href":"https:\/\/api.w.org\/{rel}","templated":true}]}}